{"id":17408,"date":"2019-12-13T12:18:16","date_gmt":"2019-12-13T12:18:16","guid":{"rendered":"https:\/\/www.ayuntamientodeharia.com\/haria\/?p=17408"},"modified":"2019-12-13T12:19:05","modified_gmt":"2019-12-13T12:19:05","slug":"el-espiritu-navideno-invadira-todos-los-rincones-de-haria-durante-estas-fiestas","status":"publish","type":"post","link":"https:\/\/www.ayuntamientodeharia.com\/haria\/el-espiritu-navideno-invadira-todos-los-rincones-de-haria-durante-estas-fiestas\/","title":{"rendered":"El esp\u00edritu navide\u00f1o invadir\u00e1 todos los rincones de Har\u00eda durante estas fiestas"},"content":{"rendered":"<p>Un a\u00f1o m\u00e1s, el Ayuntamiento de Har\u00eda ha preparado un amplio programa de actos navide\u00f1os para todo tipo de p\u00fablico, dirigido tanto a los m\u00e1s peque\u00f1os como a los mayores, que arrancar\u00e1n este viernes, 13 de diciembre, con la decoraci\u00f3n de la Plaza de Har\u00eda con material reciclado a cargo de los alumnos del municipio.<\/p>\n<p><!--more--><\/p>\n<p>&nbsp;<\/p>\n<p>Ya el s\u00e1bado 14 tendr\u00e1 lugar la inauguraci\u00f3n del Portal de Bel\u00e9n y a las 18:30 horas se proceder\u00e1 al encendido del alumbrado navide\u00f1o de la Plaza y la fachada del Ayuntamiento. Este a\u00f1o, el Concierto de Navidad correr\u00e1 a cargo del Quinteto de Cuerdas de la orquesta cl\u00e1sica de Lanzarote, dentro de la iniciativa \u2018Navidad Isle\u00f1a, en el CSC La Tegala.<\/p>\n<p>&nbsp;<\/p>\n<p>Otro de los platos fuertes de estas fiestas ser\u00e1 la Noche En-Cantada, el s\u00e1bado 21, con actuaciones musicales, gastronom\u00eda, artesan\u00eda y moda en la explanada del Mercado Municipal de Abastos, con el objetivo de dinamizar la zona.<\/p>\n<p>&nbsp;<\/p>\n<p>Los aficionados al mundo del circo podr\u00e1n disfrutar de uno de los eventos m\u00e1s esperados del a\u00f1o en el norte de la Isla, el XIII Festival Internacional de Circo \u2018MalabHar\u00eda\u2019, que se desarrollar\u00e1 del 2 al 4 de enero.<\/p>\n<p>&nbsp;<\/p>\n<p>Tampoco faltar\u00e1n en estas fechas el tradicional baile de fin de a\u00f1o, amenizado por el grupo Los Conejeros en el Centro Democr\u00e1tico de M\u00e1guez, el Concurso de Belenes Caseros o el Rastro Joven, que se llevar\u00e1 a cabo el 3 de enero en la Plaza de Har\u00eda.<\/p>\n<p>&nbsp;<\/p>\n<p>Las fiestas navide\u00f1as pondr\u00e1n el broche de oro con la llegada de los Reyes Magos de Oriente al muelle de Arrieta, quienes realizar\u00e1n un recorrido por el municipio para finalizar en el Ayuntamiento norte\u00f1o A continuaci\u00f3n tendr\u00e1 lugar la tradicional Cabalgata de Reyes por las calles de Har\u00eda, con la representaci\u00f3n de la Casa de Herodes y reparto de regalos en la Plaza.<\/p>\n","protected":false},"excerpt":{"rendered":"<p>Un a\u00f1o m\u00e1s, el Ayuntamiento de Har\u00eda ha preparado un amplio programa de actos navide\u00f1os para todo tipo de p\u00fablico, dirigido tanto a los m\u00e1s peque\u00f1os como a los mayores, que arrancar\u00e1n este viernes, 13 de diciembre, con la decoraci\u00f3n de la Plaza de Har\u00eda con material reciclado a cargo de los alumnos del municipio.<\/p>\n","protected":false},"author":7,"featured_media":17409,"comment_status":"closed","ping_status":"closed","sticky":false,"template":"","format":"standard","meta":{"footnotes":""},"categories":[16,15,81],"tags":[],"class_list":["post-17408","post","type-post","status-publish","format-standard","has-post-thumbnail","hentry","category-cultura","category-festejos","category-municipio"],"_links":{"self":[{"href":"https:\/\/www.ayuntamientodeharia.com\/haria\/wp-json\/wp\/v2\/posts\/17408","targetHints":{"allow":["GET"]}}],"collection":[{"href":"https:\/\/www.ayuntamientodeharia.com\/haria\/wp-json\/wp\/v2\/posts"}],"about":[{"href":"https:\/\/www.ayuntamientodeharia.com\/haria\/wp-json\/wp\/v2\/types\/post"}],"author":[{"embeddable":true,"href":"https:\/\/www.ayuntamientodeharia.com\/haria\/wp-json\/wp\/v2\/users\/7"}],"replies":[{"embeddable":true,"href":"https:\/\/www.ayuntamientodeharia.com\/haria\/wp-json\/wp\/v2\/comments?post=17408"}],"version-history":[{"count":3,"href":"https:\/\/www.ayuntamientodeharia.com\/haria\/wp-json\/wp\/v2\/posts\/17408\/revisions"}],"predecessor-version":[{"id":17412,"href":"https:\/\/www.ayuntamientodeharia.com\/haria\/wp-json\/wp\/v2\/posts\/17408\/revisions\/17412"}],"wp:featuredmedia":[{"embeddable":true,"href":"https:\/\/www.ayuntamientodeharia.com\/haria\/wp-json\/wp\/v2\/media\/17409"}],"wp:attachment":[{"href":"https:\/\/www.ayuntamientodeharia.com\/haria\/wp-json\/wp\/v2\/media?parent=17408"}],"wp:term":[{"taxonomy":"category","embeddable":true,"href":"https:\/\/www.ayuntamientodeharia.com\/haria\/wp-json\/wp\/v2\/categories?post=17408"},{"taxonomy":"post_tag","embeddable":true,"href":"https:\/\/www.ayuntamientodeharia.com\/haria\/wp-json\/wp\/v2\/tags?post=17408"}],"curies":[{"name":"wp","href":"https:\/\/api.w.org\/{rel}","templated":true}]}}