{"id":17347,"date":"2019-11-29T17:58:52","date_gmt":"2019-11-29T17:58:52","guid":{"rendered":"https:\/\/www.ayuntamientodeharia.com\/haria\/?p=17347"},"modified":"2019-11-29T17:58:52","modified_gmt":"2019-11-29T17:58:52","slug":"el-campeonato-del-mundo-de-carreras-de-montana-wmra-2020-ya-tiene-fecha-oficial","status":"publish","type":"post","link":"https:\/\/www.ayuntamientodeharia.com\/haria\/el-campeonato-del-mundo-de-carreras-de-montana-wmra-2020-ya-tiene-fecha-oficial\/","title":{"rendered":"El Campeonato del Mundo de Carreras de Monta\u00f1a WMRA 2020 ya tiene fecha oficial"},"content":{"rendered":"<p>Comienza la cuenta atr\u00e1s para que el Campeonato del Mundo de Carreras de Monta\u00f1a WMRA aterrice por primera vez en Espa\u00f1a; y es que Lanzarote acoger\u00e1 en 2020 la cita m\u00e1s importante del a\u00f1o y, tras la celebraci\u00f3n de los \u00faltimos campeonatos en Patagonia (Argentina), el Consejo Mundial ya ha confirmado la fecha.<\/p>\n<p><!--more--><\/p>\n<p>&nbsp;<\/p>\n<p>Los d\u00edas 14 y 15 de noviembre se dar\u00e1n cita en el norte de la isla de los volcanes las distintas federaciones para competir por el trono mundial. As\u00ed, tanto la Vertical Uphill como la Classic ser\u00e1n las dos modalidades que se sumar\u00e1n al programa de la \u2018Har\u00eda Extreme Lanzarote\u2019.<\/p>\n<p>&nbsp;<\/p>\n<p>El pasado fin de semana, la delegaci\u00f3n espa\u00f1ola trasladada a Villa La Angostura recogi\u00f3 de manos del presidente de la WMRA, el neozeland\u00e9s Jonathan Wyatt, la bandera de la Asociaci\u00f3n como s\u00edmbolo del relevo de la organizaci\u00f3n de dichos campeonatos. Restan doce meses\u00a0por\u00a0delante para pulir todos los detalles de un Campeonato del Mundo que marcar\u00e1 un hito en el Mountain Running en Espa\u00f1a.<\/p>\n","protected":false},"excerpt":{"rendered":"<p>Comienza la cuenta atr\u00e1s para que el Campeonato del Mundo de Carreras de Monta\u00f1a WMRA aterrice por primera vez en Espa\u00f1a; y es que Lanzarote acoger\u00e1 en 2020 la cita m\u00e1s importante del a\u00f1o y, tras la celebraci\u00f3n de los \u00faltimos campeonatos en Patagonia (Argentina), el Consejo Mundial ya ha confirmado la fecha.<\/p>\n","protected":false},"author":7,"featured_media":17348,"comment_status":"closed","ping_status":"closed","sticky":false,"template":"","format":"standard","meta":{"footnotes":""},"categories":[17,11],"tags":[],"class_list":["post-17347","post","type-post","status-publish","format-standard","has-post-thumbnail","hentry","category-deportes","category-hoja-de-haria"],"_links":{"self":[{"href":"https:\/\/www.ayuntamientodeharia.com\/haria\/wp-json\/wp\/v2\/posts\/17347","targetHints":{"allow":["GET"]}}],"collection":[{"href":"https:\/\/www.ayuntamientodeharia.com\/haria\/wp-json\/wp\/v2\/posts"}],"about":[{"href":"https:\/\/www.ayuntamientodeharia.com\/haria\/wp-json\/wp\/v2\/types\/post"}],"author":[{"embeddable":true,"href":"https:\/\/www.ayuntamientodeharia.com\/haria\/wp-json\/wp\/v2\/users\/7"}],"replies":[{"embeddable":true,"href":"https:\/\/www.ayuntamientodeharia.com\/haria\/wp-json\/wp\/v2\/comments?post=17347"}],"version-history":[{"count":1,"href":"https:\/\/www.ayuntamientodeharia.com\/haria\/wp-json\/wp\/v2\/posts\/17347\/revisions"}],"predecessor-version":[{"id":17349,"href":"https:\/\/www.ayuntamientodeharia.com\/haria\/wp-json\/wp\/v2\/posts\/17347\/revisions\/17349"}],"wp:featuredmedia":[{"embeddable":true,"href":"https:\/\/www.ayuntamientodeharia.com\/haria\/wp-json\/wp\/v2\/media\/17348"}],"wp:attachment":[{"href":"https:\/\/www.ayuntamientodeharia.com\/haria\/wp-json\/wp\/v2\/media?parent=17347"}],"wp:term":[{"taxonomy":"category","embeddable":true,"href":"https:\/\/www.ayuntamientodeharia.com\/haria\/wp-json\/wp\/v2\/categories?post=17347"},{"taxonomy":"post_tag","embeddable":true,"href":"https:\/\/www.ayuntamientodeharia.com\/haria\/wp-json\/wp\/v2\/tags?post=17347"}],"curies":[{"name":"wp","href":"https:\/\/api.w.org\/{rel}","templated":true}]}}