{"id":17341,"date":"2019-11-29T17:54:58","date_gmt":"2019-11-29T17:54:58","guid":{"rendered":"https:\/\/www.ayuntamientodeharia.com\/haria\/?p=17341"},"modified":"2019-11-29T17:54:58","modified_gmt":"2019-11-29T17:54:58","slug":"se-abre-el-plazo-para-solicitar-un-puesto-en-el-rastro-joven-de-navidad-6","status":"publish","type":"post","link":"https:\/\/www.ayuntamientodeharia.com\/haria\/se-abre-el-plazo-para-solicitar-un-puesto-en-el-rastro-joven-de-navidad-6\/","title":{"rendered":"Se abre el plazo para solicitar un puesto en el Rastro Joven de Navidad"},"content":{"rendered":"<p><img decoding=\"async\" class=\"alignleft size-thumbnail wp-image-17342\" src=\"https:\/\/www.ayuntamientodeharia.com\/haria\/wp-content\/uploads\/2019\/11\/Rastro-Joven-150x150.jpg\" alt=\"\" width=\"150\" height=\"150\" \/>A partir del lunes 2 de diciembre se podr\u00e1 solicitar un puesto para participar en el Rastro Joven de Navidad, que tendr\u00e1 lugar el 3 y 4 de enero, en la plaza de Har\u00eda, con plazas limitadas.<\/p>\n<p><!--more--><\/p>\n<p>&nbsp;<\/p>\n<p>Los interesados en participar deber\u00e1n presentar la solicitud correspondiente en el Registro General del Ayuntamiento antes del s\u00e1bado 21 de diciembre. El impreso de solicitud se puede descargar en la web\u00a0<a href=\"http:\/\/www.juventudharia.es\/\">www.juventudharia.es<\/a>.<\/p>\n","protected":false},"excerpt":{"rendered":"<p>A partir del lunes 2 de diciembre se podr\u00e1 solicitar un puesto para participar en el Rastro Joven de Navidad, que tendr\u00e1 lugar el 3 y 4 de enero, en la plaza de Har\u00eda, con plazas limitadas.<\/p>\n","protected":false},"author":7,"featured_media":0,"comment_status":"closed","ping_status":"closed","sticky":false,"template":"","format":"standard","meta":{"footnotes":""},"categories":[11,25],"tags":[],"class_list":["post-17341","post","type-post","status-publish","format-standard","hentry","category-hoja-de-haria","category-juventud"],"_links":{"self":[{"href":"https:\/\/www.ayuntamientodeharia.com\/haria\/wp-json\/wp\/v2\/posts\/17341","targetHints":{"allow":["GET"]}}],"collection":[{"href":"https:\/\/www.ayuntamientodeharia.com\/haria\/wp-json\/wp\/v2\/posts"}],"about":[{"href":"https:\/\/www.ayuntamientodeharia.com\/haria\/wp-json\/wp\/v2\/types\/post"}],"author":[{"embeddable":true,"href":"https:\/\/www.ayuntamientodeharia.com\/haria\/wp-json\/wp\/v2\/users\/7"}],"replies":[{"embeddable":true,"href":"https:\/\/www.ayuntamientodeharia.com\/haria\/wp-json\/wp\/v2\/comments?post=17341"}],"version-history":[{"count":1,"href":"https:\/\/www.ayuntamientodeharia.com\/haria\/wp-json\/wp\/v2\/posts\/17341\/revisions"}],"predecessor-version":[{"id":17343,"href":"https:\/\/www.ayuntamientodeharia.com\/haria\/wp-json\/wp\/v2\/posts\/17341\/revisions\/17343"}],"wp:attachment":[{"href":"https:\/\/www.ayuntamientodeharia.com\/haria\/wp-json\/wp\/v2\/media?parent=17341"}],"wp:term":[{"taxonomy":"category","embeddable":true,"href":"https:\/\/www.ayuntamientodeharia.com\/haria\/wp-json\/wp\/v2\/categories?post=17341"},{"taxonomy":"post_tag","embeddable":true,"href":"https:\/\/www.ayuntamientodeharia.com\/haria\/wp-json\/wp\/v2\/tags?post=17341"}],"curies":[{"name":"wp","href":"https:\/\/api.w.org\/{rel}","templated":true}]}}