{"id":17338,"date":"2019-11-29T17:52:22","date_gmt":"2019-11-29T17:52:22","guid":{"rendered":"https:\/\/www.ayuntamientodeharia.com\/haria\/?p=17338"},"modified":"2019-11-29T17:53:31","modified_gmt":"2019-11-29T17:53:31","slug":"agricultores-alemanes-conocen-el-uso-de-la-cochinilla","status":"publish","type":"post","link":"https:\/\/www.ayuntamientodeharia.com\/haria\/agricultores-alemanes-conocen-el-uso-de-la-cochinilla\/","title":{"rendered":"Agricultores alemanes conocen el uso de la cochinilla"},"content":{"rendered":"<p>La Asociaci\u00f3n Milana recibi\u00f3 el pasado jueves, 21 de noviembre, la visita de veintis\u00e9is agricultores alemanes que se desplazaron a Lanzarote en un crucero.<\/p>\n<p><!--more--><\/p>\n<p>&nbsp;<\/p>\n<p>Hace un tiempo se pusieron en contacto con ellos por su inter\u00e9s por la labor que hace la Asociaci\u00f3n en la b\u00fasqueda del valor a\u00f1adido a la cochinilla. Se desplazaron en guagua hasta el Jard\u00edn de Cactus y all\u00ed les esper\u00f3 el licenciado en Ciencias Ambientales Jonatan Clavijo, colaborador de la Asociaci\u00f3n Milana.<\/p>\n<p>&nbsp;<\/p>\n<p>Recorrieron la Ruta de la Cochinilla que sale del Jard\u00edn de Cactus llegando a Mala, donde se les explic\u00f3 la flora y fauna que se encontraba a lo largo del recorrido. Una vez en la Asociaci\u00f3n Milana, Jonatan Clavijo hizo una demostraci\u00f3n de los diferentes colores que se pod\u00edan obtener de la cochinilla; adem\u00e1s interactuaron trabajando cada uno una acuarela pintada con cochinilla, la cual se llevaron a su tierra.<\/p>\n<p>&nbsp;<\/p>\n<p>Los agricultores germanos agradecieron mucho la visita por la novedad de observar los diferentes colores que salen de la cochinilla, sobre todo quedando sorprendidos al ver que incluso se puede obtener el color negro. Para la Asociaci\u00f3n Milana estas visitas son muy importantes de cara que la cochinilla tenga una salida en el mercado.<\/p>\n<p>&nbsp;<\/p>\n","protected":false},"excerpt":{"rendered":"<p>La Asociaci\u00f3n Milana recibi\u00f3 el pasado jueves, 21 de noviembre, la visita de veintis\u00e9is agricultores alemanes que se desplazaron a Lanzarote en un crucero.<\/p>\n","protected":false},"author":7,"featured_media":17339,"comment_status":"closed","ping_status":"closed","sticky":false,"template":"","format":"standard","meta":{"footnotes":""},"categories":[20,11,81],"tags":[],"class_list":["post-17338","post","type-post","status-publish","format-standard","has-post-thumbnail","hentry","category-agricultura","category-hoja-de-haria","category-municipio"],"_links":{"self":[{"href":"https:\/\/www.ayuntamientodeharia.com\/haria\/wp-json\/wp\/v2\/posts\/17338","targetHints":{"allow":["GET"]}}],"collection":[{"href":"https:\/\/www.ayuntamientodeharia.com\/haria\/wp-json\/wp\/v2\/posts"}],"about":[{"href":"https:\/\/www.ayuntamientodeharia.com\/haria\/wp-json\/wp\/v2\/types\/post"}],"author":[{"embeddable":true,"href":"https:\/\/www.ayuntamientodeharia.com\/haria\/wp-json\/wp\/v2\/users\/7"}],"replies":[{"embeddable":true,"href":"https:\/\/www.ayuntamientodeharia.com\/haria\/wp-json\/wp\/v2\/comments?post=17338"}],"version-history":[{"count":1,"href":"https:\/\/www.ayuntamientodeharia.com\/haria\/wp-json\/wp\/v2\/posts\/17338\/revisions"}],"predecessor-version":[{"id":17340,"href":"https:\/\/www.ayuntamientodeharia.com\/haria\/wp-json\/wp\/v2\/posts\/17338\/revisions\/17340"}],"wp:featuredmedia":[{"embeddable":true,"href":"https:\/\/www.ayuntamientodeharia.com\/haria\/wp-json\/wp\/v2\/media\/17339"}],"wp:attachment":[{"href":"https:\/\/www.ayuntamientodeharia.com\/haria\/wp-json\/wp\/v2\/media?parent=17338"}],"wp:term":[{"taxonomy":"category","embeddable":true,"href":"https:\/\/www.ayuntamientodeharia.com\/haria\/wp-json\/wp\/v2\/categories?post=17338"},{"taxonomy":"post_tag","embeddable":true,"href":"https:\/\/www.ayuntamientodeharia.com\/haria\/wp-json\/wp\/v2\/tags?post=17338"}],"curies":[{"name":"wp","href":"https:\/\/api.w.org\/{rel}","templated":true}]}}