{"id":17300,"date":"2019-11-26T10:00:50","date_gmt":"2019-11-26T10:00:50","guid":{"rendered":"https:\/\/www.ayuntamientodeharia.com\/haria\/?p=17300"},"modified":"2019-11-29T17:49:19","modified_gmt":"2019-11-29T17:49:19","slug":"alumnos-de-haria-participan-en-la-lectura-de-un-manifiesto-contra-la-violencia-de-genero","status":"publish","type":"post","link":"https:\/\/www.ayuntamientodeharia.com\/haria\/alumnos-de-haria-participan-en-la-lectura-de-un-manifiesto-contra-la-violencia-de-genero\/","title":{"rendered":"Alumnos de Har\u00eda participan en la lectura de un manifiesto contra la violencia de g\u00e9nero"},"content":{"rendered":"<p>Alumnos del CEIP de San Juan y del IES Har\u00eda participaron esta ma\u00f1ana en la lectura de un manifiesto en contra de la violencia de g\u00e9nero con motivo de la conmemoraci\u00f3n hoy, 25 de noviembre,\u00a0 del D\u00eda Internacional de la Eliminaci\u00f3n de la Violencia contra la Mujer.<\/p>\n<p><!--more--><\/p>\n<p>El acto, organizado por el \u00c1rea de Bienestar Social, Mayores, Igualdad, Participaci\u00f3n Ciudadana, Sanidad y Vivienda del\u00a0 Ayuntamiento de Har\u00eda, cont\u00f3 con la presencia de la concejala Chaxiraxi Niz Guadalupe, as\u00ed como de otros miembros de la corporaci\u00f3n que participaron junto a los j\u00f3venes en la lectura del manifiesto.<\/p>\n<p>Chaxiraxi Niz Guadalupe explic\u00f3 que con este evento el Ayuntamiento concluye el programa de actos desarrollados durante el fin de semana para denunciar la violencia que se ejerce por parte de los hombres sobre las mujeres en todo el mundo y reclamar pol\u00edticas en todos los pa\u00edses para su erradicaci\u00f3n.<\/p>\n<p>Entre las actividades celebradas estos d\u00edas tambi\u00e9n cabe destacar la obra de teatro titulada \u2018Mujeres\u2019 protagonizada por 7 mujeres del municipio y dirigida por Miguel P\u00e1ez.<\/p>\n","protected":false},"excerpt":{"rendered":"<p>Alumnos del CEIP de San Juan y del IES Har\u00eda participaron esta ma\u00f1ana en la lectura de un manifiesto en contra de la violencia de g\u00e9nero con motivo de la conmemoraci\u00f3n hoy, 25 de noviembre,\u00a0 del D\u00eda Internacional de la Eliminaci\u00f3n de la Violencia contra la Mujer.<\/p>\n","protected":false},"author":6,"featured_media":17301,"comment_status":"closed","ping_status":"closed","sticky":false,"template":"","format":"standard","meta":{"footnotes":""},"categories":[11,30],"tags":[],"class_list":["post-17300","post","type-post","status-publish","format-standard","has-post-thumbnail","hentry","category-hoja-de-haria","category-igualdad"],"_links":{"self":[{"href":"https:\/\/www.ayuntamientodeharia.com\/haria\/wp-json\/wp\/v2\/posts\/17300","targetHints":{"allow":["GET"]}}],"collection":[{"href":"https:\/\/www.ayuntamientodeharia.com\/haria\/wp-json\/wp\/v2\/posts"}],"about":[{"href":"https:\/\/www.ayuntamientodeharia.com\/haria\/wp-json\/wp\/v2\/types\/post"}],"author":[{"embeddable":true,"href":"https:\/\/www.ayuntamientodeharia.com\/haria\/wp-json\/wp\/v2\/users\/6"}],"replies":[{"embeddable":true,"href":"https:\/\/www.ayuntamientodeharia.com\/haria\/wp-json\/wp\/v2\/comments?post=17300"}],"version-history":[{"count":2,"href":"https:\/\/www.ayuntamientodeharia.com\/haria\/wp-json\/wp\/v2\/posts\/17300\/revisions"}],"predecessor-version":[{"id":17304,"href":"https:\/\/www.ayuntamientodeharia.com\/haria\/wp-json\/wp\/v2\/posts\/17300\/revisions\/17304"}],"wp:featuredmedia":[{"embeddable":true,"href":"https:\/\/www.ayuntamientodeharia.com\/haria\/wp-json\/wp\/v2\/media\/17301"}],"wp:attachment":[{"href":"https:\/\/www.ayuntamientodeharia.com\/haria\/wp-json\/wp\/v2\/media?parent=17300"}],"wp:term":[{"taxonomy":"category","embeddable":true,"href":"https:\/\/www.ayuntamientodeharia.com\/haria\/wp-json\/wp\/v2\/categories?post=17300"},{"taxonomy":"post_tag","embeddable":true,"href":"https:\/\/www.ayuntamientodeharia.com\/haria\/wp-json\/wp\/v2\/tags?post=17300"}],"curies":[{"name":"wp","href":"https:\/\/api.w.org\/{rel}","templated":true}]}}