{"id":17135,"date":"2019-10-31T14:24:56","date_gmt":"2019-10-31T14:24:56","guid":{"rendered":"https:\/\/www.ayuntamientodeharia.com\/haria\/?p=17135"},"modified":"2019-10-31T14:28:55","modified_gmt":"2019-10-31T14:28:55","slug":"la-directiva-de-la-wmra-se-desplaza-a-lanzarote-para-tomar-la-decision-final-sobre-el-mundial-2020","status":"publish","type":"post","link":"https:\/\/www.ayuntamientodeharia.com\/haria\/la-directiva-de-la-wmra-se-desplaza-a-lanzarote-para-tomar-la-decision-final-sobre-el-mundial-2020\/","title":{"rendered":"La directiva de la WMRA se desplaza a Lanzarote para tomar la decisi\u00f3n final sobre el Mundial 2020"},"content":{"rendered":"<p>La\u00a0\u2018Har\u00eda Extreme Lanzarote\u2019\u00a0aspira a albergar, por vez primera en Espa\u00f1a, un Campeonato del Mundo de la WMRA (World Mountain Running Association).<\/p>\n<p><!--more--><\/p>\n<p>&nbsp;<\/p>\n<p>Tras presentar su candidatura hace varias semanas, la asociaci\u00f3n ligada a la IAAF (Federaci\u00f3n internacional de Atletismo) decidir\u00e1 este fin de semana si la prueba lanzarote\u00f1a ser\u00e1 la sede del prestigioso Mundial que se llevar\u00e1 a cabo en 2020.<\/p>\n<p>&nbsp;<\/p>\n<p>La directiva de la WMRA, encabezada por su presidente, el neozeland\u00e9s y leyenda del trail running\u00a0Jonathan Wyatt, efectuar\u00e1 la \u00faltima ronda de inspecci\u00f3n sobre el propio terreno de la \u2018Har\u00eda Extreme Lanzarote\u2019. En caso de tener el visto bueno, la prueba ser\u00e1 designada para la celebraci\u00f3n del 36\u00aa Campeonato del Mundo, y dicha nominaci\u00f3n se presentar\u00e1 ante los medios de comunicaci\u00f3n el pr\u00f3ximo lunes, 4 de noviembre.<\/p>\n<p>&nbsp;<\/p>\n<p>La\u00a0WMRA\u00a0celebrar\u00e1 su 35\u00ba Campeonato del Mundo el pr\u00f3ximo 16 de noviembre en Villa La Angostura, Argentina, con atletas de \u00e9lite a nivel mundial representando a las distintas federaciones de atletismo del planeta. Estos campeonatos son, de hecho, los \u00fanicos de trail running en los que compiten las potentes delegaciones africanas.<\/p>\n<p>&nbsp;<\/p>\n<p>El propio Jonathan Wyatt, siete veces campe\u00f3n del mundo y que a\u00fan ostenta el r\u00e9cord de pruebas como la \u2018Pikes Peak\u2019 de Colorado y que vio c\u00f3mo este mismo a\u00f1o Kilian Jornet rebajaba su estratosf\u00e9rica marca en la \u2018Sierre\u00a0Zinal\u2019, comprobar\u00e1 de primera mano el terreno volc\u00e1nico de la\u00a0\u2018Har\u00eda Extreme Lanzarote\u2019\u00a0y el lunes acompa\u00f1ar\u00e1 a la comitiva en una\u00a0rueda de prensa que se celebrar\u00e1 en los Jameos del Agua.<\/p>\n<p>&nbsp;<\/p>\n","protected":false},"excerpt":{"rendered":"<p>La\u00a0\u2018Har\u00eda Extreme Lanzarote\u2019\u00a0aspira a albergar, por vez primera en Espa\u00f1a, un Campeonato del Mundo de la WMRA (World Mountain Running Association).<\/p>\n","protected":false},"author":7,"featured_media":17081,"comment_status":"closed","ping_status":"closed","sticky":false,"template":"","format":"standard","meta":{"footnotes":""},"categories":[17,81],"tags":[],"class_list":["post-17135","post","type-post","status-publish","format-standard","has-post-thumbnail","hentry","category-deportes","category-municipio"],"_links":{"self":[{"href":"https:\/\/www.ayuntamientodeharia.com\/haria\/wp-json\/wp\/v2\/posts\/17135","targetHints":{"allow":["GET"]}}],"collection":[{"href":"https:\/\/www.ayuntamientodeharia.com\/haria\/wp-json\/wp\/v2\/posts"}],"about":[{"href":"https:\/\/www.ayuntamientodeharia.com\/haria\/wp-json\/wp\/v2\/types\/post"}],"author":[{"embeddable":true,"href":"https:\/\/www.ayuntamientodeharia.com\/haria\/wp-json\/wp\/v2\/users\/7"}],"replies":[{"embeddable":true,"href":"https:\/\/www.ayuntamientodeharia.com\/haria\/wp-json\/wp\/v2\/comments?post=17135"}],"version-history":[{"count":2,"href":"https:\/\/www.ayuntamientodeharia.com\/haria\/wp-json\/wp\/v2\/posts\/17135\/revisions"}],"predecessor-version":[{"id":17145,"href":"https:\/\/www.ayuntamientodeharia.com\/haria\/wp-json\/wp\/v2\/posts\/17135\/revisions\/17145"}],"wp:featuredmedia":[{"embeddable":true,"href":"https:\/\/www.ayuntamientodeharia.com\/haria\/wp-json\/wp\/v2\/media\/17081"}],"wp:attachment":[{"href":"https:\/\/www.ayuntamientodeharia.com\/haria\/wp-json\/wp\/v2\/media?parent=17135"}],"wp:term":[{"taxonomy":"category","embeddable":true,"href":"https:\/\/www.ayuntamientodeharia.com\/haria\/wp-json\/wp\/v2\/categories?post=17135"},{"taxonomy":"post_tag","embeddable":true,"href":"https:\/\/www.ayuntamientodeharia.com\/haria\/wp-json\/wp\/v2\/tags?post=17135"}],"curies":[{"name":"wp","href":"https:\/\/api.w.org\/{rel}","templated":true}]}}