{"id":17127,"date":"2019-10-31T11:36:05","date_gmt":"2019-10-31T11:36:05","guid":{"rendered":"https:\/\/www.ayuntamientodeharia.com\/haria\/?p=17127"},"modified":"2019-10-31T11:36:05","modified_gmt":"2019-10-31T11:36:05","slug":"alumnos-del-municipio-se-acercan-a-la-realidad-de-las-personas-sin-hogar","status":"publish","type":"post","link":"https:\/\/www.ayuntamientodeharia.com\/haria\/alumnos-del-municipio-se-acercan-a-la-realidad-de-las-personas-sin-hogar\/","title":{"rendered":"Alumnos del municipio se acercan a la realidad de las personas sin hogar"},"content":{"rendered":"<p>El \u00e1rea de Bienestar Social del Ayuntamiento llev\u00f3 a cabo recientemente el taller de sensibilizaci\u00f3n &#8220;Por la inclusi\u00f3n social&#8221; en el CEIP La Garita, en Arrieta, y el CEIP San Juan de Har\u00eda. Los alumnos de quinto y sexto pudieron, a trav\u00e9s de esta iniciativa, acercarse a la realidad de las personas sin hogar.<\/p>\n<p><!--more--><\/p>\n<p>&nbsp;<\/p>\n<p>Para la concejala del \u00e1rea, Chaxiraxi Niz, \u201ces importante entender el origen de las situaciones de vida que estas personas pudieron atravesar y conocer las dificultades ante las que se pueden encontrar, as\u00ed como el proceso de exclusi\u00f3n social que viven\u201d.<\/p>\n<p>&nbsp;<\/p>\n<p>Estos talleres pretenden ser un material de apoyo a los centros escolares a trav\u00e9s de propuestas de din\u00e1micas de grupo que ayudan a comprender la compleja realidad social de las personas sin hogar.<\/p>\n","protected":false},"excerpt":{"rendered":"<p>El \u00e1rea de Bienestar Social del Ayuntamiento llev\u00f3 a cabo recientemente el taller de sensibilizaci\u00f3n &#8220;Por la inclusi\u00f3n social&#8221; en el CEIP La Garita, en Arrieta, y el CEIP San Juan de Har\u00eda. Los alumnos de quinto y sexto pudieron, a trav\u00e9s de esta iniciativa, acercarse a la realidad de las personas sin hogar.<\/p>\n","protected":false},"author":7,"featured_media":17128,"comment_status":"closed","ping_status":"closed","sticky":false,"template":"","format":"standard","meta":{"footnotes":""},"categories":[187,11],"tags":[],"class_list":["post-17127","post","type-post","status-publish","format-standard","has-post-thumbnail","hentry","category-bienestar-social","category-hoja-de-haria"],"_links":{"self":[{"href":"https:\/\/www.ayuntamientodeharia.com\/haria\/wp-json\/wp\/v2\/posts\/17127","targetHints":{"allow":["GET"]}}],"collection":[{"href":"https:\/\/www.ayuntamientodeharia.com\/haria\/wp-json\/wp\/v2\/posts"}],"about":[{"href":"https:\/\/www.ayuntamientodeharia.com\/haria\/wp-json\/wp\/v2\/types\/post"}],"author":[{"embeddable":true,"href":"https:\/\/www.ayuntamientodeharia.com\/haria\/wp-json\/wp\/v2\/users\/7"}],"replies":[{"embeddable":true,"href":"https:\/\/www.ayuntamientodeharia.com\/haria\/wp-json\/wp\/v2\/comments?post=17127"}],"version-history":[{"count":1,"href":"https:\/\/www.ayuntamientodeharia.com\/haria\/wp-json\/wp\/v2\/posts\/17127\/revisions"}],"predecessor-version":[{"id":17129,"href":"https:\/\/www.ayuntamientodeharia.com\/haria\/wp-json\/wp\/v2\/posts\/17127\/revisions\/17129"}],"wp:featuredmedia":[{"embeddable":true,"href":"https:\/\/www.ayuntamientodeharia.com\/haria\/wp-json\/wp\/v2\/media\/17128"}],"wp:attachment":[{"href":"https:\/\/www.ayuntamientodeharia.com\/haria\/wp-json\/wp\/v2\/media?parent=17127"}],"wp:term":[{"taxonomy":"category","embeddable":true,"href":"https:\/\/www.ayuntamientodeharia.com\/haria\/wp-json\/wp\/v2\/categories?post=17127"},{"taxonomy":"post_tag","embeddable":true,"href":"https:\/\/www.ayuntamientodeharia.com\/haria\/wp-json\/wp\/v2\/tags?post=17127"}],"curies":[{"name":"wp","href":"https:\/\/api.w.org\/{rel}","templated":true}]}}