{"id":17125,"date":"2019-10-31T11:28:58","date_gmt":"2019-10-31T11:28:58","guid":{"rendered":"https:\/\/www.ayuntamientodeharia.com\/haria\/?p=17125"},"modified":"2019-10-31T11:28:58","modified_gmt":"2019-10-31T11:28:58","slug":"reunion-con-los-mayores-del-municipio-sobre-los-viajes-del-imserso","status":"publish","type":"post","link":"https:\/\/www.ayuntamientodeharia.com\/haria\/reunion-con-los-mayores-del-municipio-sobre-los-viajes-del-imserso\/","title":{"rendered":"Reuni\u00f3n con los mayores del municipio sobre los viajes del IMSERSO"},"content":{"rendered":"<p><img decoding=\"async\" class=\"alignleft size-thumbnail wp-image-9081\" src=\"https:\/\/www.ayuntamientodeharia.com\/haria\/wp-content\/uploads\/2017\/05\/ENPYBh9h-150x150.jpg\" alt=\"\" width=\"150\" height=\"150\" srcset=\"https:\/\/www.ayuntamientodeharia.com\/haria\/wp-content\/uploads\/2017\/05\/ENPYBh9h-150x150.jpg 150w, https:\/\/www.ayuntamientodeharia.com\/haria\/wp-content\/uploads\/2017\/05\/ENPYBh9h-300x300.jpg 300w, https:\/\/www.ayuntamientodeharia.com\/haria\/wp-content\/uploads\/2017\/05\/ENPYBh9h-112x112.jpg 112w, https:\/\/www.ayuntamientodeharia.com\/haria\/wp-content\/uploads\/2017\/05\/ENPYBh9h.jpg 480w\" sizes=\"(max-width: 150px) 100vw, 150px\" \/>Los mayores del municipio interesados en reservar plaza en alguno de los viajes propuestos en el programa de Turismo Social del IMSERSO para la temporada 2019\/2020 deber\u00e1n acudir a la reuni\u00f3n informativa que se celebrar\u00e1 el lunes, 11 de noviembre, a las 11:00 horas, en el Centro Sociocultural La Tegala.<\/p>\n<p><!--more--><\/p>\n<p>&nbsp;<\/p>\n<p>Los destinos ofertados son los siguientes: Torremolinos (M\u00e1laga), Madrid, P\u00e1jara, Puerto de la Cruz y Ciudad Real.<\/p>\n<p>&nbsp;<\/p>\n<p>Desde la Concejal\u00eda de Mayores, coordinada por Chaxiraxi Niz, se recuerda a los mayores que no puedan asistir a la reuni\u00f3n informativa que se les facilitar\u00e1 toda la informaci\u00f3n relacionada con las condiciones e itinerarios de los viajes en el Centro de la Tercera Edad.<\/p>\n<p>&nbsp;<\/p>\n<p>Tendr\u00e1n prioridad las personas acreditadas por el Ayuntamiento de Har\u00eda y empadronados en el municipio.<\/p>\n","protected":false},"excerpt":{"rendered":"<p>Los mayores del municipio interesados en reservar plaza en alguno de los viajes propuestos en el programa de Turismo Social del IMSERSO para la temporada 2019\/2020 deber\u00e1n acudir a la reuni\u00f3n informativa que se celebrar\u00e1 el lunes, 11 de noviembre, a las 11:00 horas, en el Centro Sociocultural La Tegala.<\/p>\n","protected":false},"author":7,"featured_media":0,"comment_status":"closed","ping_status":"closed","sticky":false,"template":"","format":"standard","meta":{"footnotes":""},"categories":[11,61],"tags":[],"class_list":["post-17125","post","type-post","status-publish","format-standard","hentry","category-hoja-de-haria","category-tercera-edad"],"_links":{"self":[{"href":"https:\/\/www.ayuntamientodeharia.com\/haria\/wp-json\/wp\/v2\/posts\/17125","targetHints":{"allow":["GET"]}}],"collection":[{"href":"https:\/\/www.ayuntamientodeharia.com\/haria\/wp-json\/wp\/v2\/posts"}],"about":[{"href":"https:\/\/www.ayuntamientodeharia.com\/haria\/wp-json\/wp\/v2\/types\/post"}],"author":[{"embeddable":true,"href":"https:\/\/www.ayuntamientodeharia.com\/haria\/wp-json\/wp\/v2\/users\/7"}],"replies":[{"embeddable":true,"href":"https:\/\/www.ayuntamientodeharia.com\/haria\/wp-json\/wp\/v2\/comments?post=17125"}],"version-history":[{"count":1,"href":"https:\/\/www.ayuntamientodeharia.com\/haria\/wp-json\/wp\/v2\/posts\/17125\/revisions"}],"predecessor-version":[{"id":17126,"href":"https:\/\/www.ayuntamientodeharia.com\/haria\/wp-json\/wp\/v2\/posts\/17125\/revisions\/17126"}],"wp:attachment":[{"href":"https:\/\/www.ayuntamientodeharia.com\/haria\/wp-json\/wp\/v2\/media?parent=17125"}],"wp:term":[{"taxonomy":"category","embeddable":true,"href":"https:\/\/www.ayuntamientodeharia.com\/haria\/wp-json\/wp\/v2\/categories?post=17125"},{"taxonomy":"post_tag","embeddable":true,"href":"https:\/\/www.ayuntamientodeharia.com\/haria\/wp-json\/wp\/v2\/tags?post=17125"}],"curies":[{"name":"wp","href":"https:\/\/api.w.org\/{rel}","templated":true}]}}