{"id":16960,"date":"2019-10-11T17:18:44","date_gmt":"2019-10-11T17:18:44","guid":{"rendered":"https:\/\/www.ayuntamientodeharia.com\/haria\/?p=16960"},"modified":"2019-10-11T17:23:14","modified_gmt":"2019-10-11T17:23:14","slug":"la-oficina-de-alcaldia-se-traslada-este-sabado-a-ye","status":"publish","type":"post","link":"https:\/\/www.ayuntamientodeharia.com\/haria\/la-oficina-de-alcaldia-se-traslada-este-sabado-a-ye\/","title":{"rendered":"La oficina de Alcald\u00eda se traslada a Ye y \u00d3rzola"},"content":{"rendered":"<p>El alcalde de Har\u00eda, Alfredo Villalba, se desplazar\u00e1 este s\u00e1bado, 12 de octubre, al CSC El Tef\u00edo de Ye, donde recibir\u00e1 a los vecinos que lo deseen de 17:00 a 20:00 horas, dentro de la ronda de reuniones que ha iniciado por los distintos pueblos del municipio. El pr\u00f3ximo encuentro tendr\u00e1 lugar el jueves 17 de octubre, de 10:00 a 12:00 horas, en \u00d3rzola.<\/p>\n<p><!--more--><\/p>\n<p>&nbsp;<\/p>\n<p>Y es que el nuevo grupo de gobierno considera fundamental acercar la Administraci\u00f3n a todos los harianos, especialmente a aquellos que por una raz\u00f3n u otra tienen m\u00e1s dificultades para trasladar sus peticiones, quejas o sugerencias a sus representantes p\u00fablicos.<\/p>\n","protected":false},"excerpt":{"rendered":"<p>El alcalde de Har\u00eda, Alfredo Villalba, se desplazar\u00e1 este s\u00e1bado, 12 de octubre, al CSC El Tef\u00edo de Ye, donde recibir\u00e1 a los vecinos que lo deseen de 17:00 a 20:00 horas, dentro de la ronda de reuniones que ha iniciado por los distintos pueblos del municipio. El pr\u00f3ximo encuentro tendr\u00e1 lugar el jueves 17 [&hellip;]<\/p>\n","protected":false},"author":7,"featured_media":16880,"comment_status":"closed","ping_status":"closed","sticky":false,"template":"","format":"standard","meta":{"footnotes":""},"categories":[73,11,81],"tags":[],"class_list":["post-16960","post","type-post","status-publish","format-standard","has-post-thumbnail","hentry","category-alcaldia","category-hoja-de-haria","category-municipio"],"_links":{"self":[{"href":"https:\/\/www.ayuntamientodeharia.com\/haria\/wp-json\/wp\/v2\/posts\/16960","targetHints":{"allow":["GET"]}}],"collection":[{"href":"https:\/\/www.ayuntamientodeharia.com\/haria\/wp-json\/wp\/v2\/posts"}],"about":[{"href":"https:\/\/www.ayuntamientodeharia.com\/haria\/wp-json\/wp\/v2\/types\/post"}],"author":[{"embeddable":true,"href":"https:\/\/www.ayuntamientodeharia.com\/haria\/wp-json\/wp\/v2\/users\/7"}],"replies":[{"embeddable":true,"href":"https:\/\/www.ayuntamientodeharia.com\/haria\/wp-json\/wp\/v2\/comments?post=16960"}],"version-history":[{"count":2,"href":"https:\/\/www.ayuntamientodeharia.com\/haria\/wp-json\/wp\/v2\/posts\/16960\/revisions"}],"predecessor-version":[{"id":16962,"href":"https:\/\/www.ayuntamientodeharia.com\/haria\/wp-json\/wp\/v2\/posts\/16960\/revisions\/16962"}],"wp:featuredmedia":[{"embeddable":true,"href":"https:\/\/www.ayuntamientodeharia.com\/haria\/wp-json\/wp\/v2\/media\/16880"}],"wp:attachment":[{"href":"https:\/\/www.ayuntamientodeharia.com\/haria\/wp-json\/wp\/v2\/media?parent=16960"}],"wp:term":[{"taxonomy":"category","embeddable":true,"href":"https:\/\/www.ayuntamientodeharia.com\/haria\/wp-json\/wp\/v2\/categories?post=16960"},{"taxonomy":"post_tag","embeddable":true,"href":"https:\/\/www.ayuntamientodeharia.com\/haria\/wp-json\/wp\/v2\/tags?post=16960"}],"curies":[{"name":"wp","href":"https:\/\/api.w.org\/{rel}","templated":true}]}}