{"id":16955,"date":"2019-10-11T17:13:18","date_gmt":"2019-10-11T17:13:18","guid":{"rendered":"https:\/\/www.ayuntamientodeharia.com\/haria\/?p=16955"},"modified":"2019-10-11T17:13:31","modified_gmt":"2019-10-11T17:13:31","slug":"teatro-contra-la-violencia-de-genero","status":"publish","type":"post","link":"https:\/\/www.ayuntamientodeharia.com\/haria\/teatro-contra-la-violencia-de-genero\/","title":{"rendered":"Teatro contra la violencia de g\u00e9nero"},"content":{"rendered":"<p><img decoding=\"async\" class=\"alignleft size-thumbnail wp-image-12165\" src=\"https:\/\/www.ayuntamientodeharia.com\/haria\/wp-content\/uploads\/2018\/05\/P\u00fablico-asistente-a-la-clausura-de-la-XXV-Jornadas-de-Teatro-Encarnaci\u00f3n-Rodr\u00edguez-150x150.jpg\" alt=\"\" width=\"150\" height=\"150\" \/>Desde el \u00c1rea de Igualdad, coordinada por Chaxiraxi Niz, se convoca a los vecinos del municipio interesados en participar en una representaci\u00f3n teatral con motivo del D\u00eda Internacional de la Violencia de G\u00e9nero, que se representar\u00e1 el domingo 24 de noviembre.<\/p>\n<p><!--more--><\/p>\n<p>&nbsp;<\/p>\n<p>El encuentro con las personas que est\u00e9n interesadas en participar tendr\u00e1 lugar el jueves 17 de octubre, a las 18:30 horas.<\/p>\n","protected":false},"excerpt":{"rendered":"<p>Desde el \u00c1rea de Igualdad, coordinada por Chaxiraxi Niz, se convoca a los vecinos del municipio interesados en participar en una representaci\u00f3n teatral con motivo del D\u00eda Internacional de la Violencia de G\u00e9nero, que se representar\u00e1 el domingo 24 de noviembre.<\/p>\n","protected":false},"author":7,"featured_media":0,"comment_status":"closed","ping_status":"closed","sticky":false,"template":"","format":"standard","meta":{"footnotes":""},"categories":[11,30],"tags":[],"class_list":["post-16955","post","type-post","status-publish","format-standard","hentry","category-hoja-de-haria","category-igualdad"],"_links":{"self":[{"href":"https:\/\/www.ayuntamientodeharia.com\/haria\/wp-json\/wp\/v2\/posts\/16955","targetHints":{"allow":["GET"]}}],"collection":[{"href":"https:\/\/www.ayuntamientodeharia.com\/haria\/wp-json\/wp\/v2\/posts"}],"about":[{"href":"https:\/\/www.ayuntamientodeharia.com\/haria\/wp-json\/wp\/v2\/types\/post"}],"author":[{"embeddable":true,"href":"https:\/\/www.ayuntamientodeharia.com\/haria\/wp-json\/wp\/v2\/users\/7"}],"replies":[{"embeddable":true,"href":"https:\/\/www.ayuntamientodeharia.com\/haria\/wp-json\/wp\/v2\/comments?post=16955"}],"version-history":[{"count":1,"href":"https:\/\/www.ayuntamientodeharia.com\/haria\/wp-json\/wp\/v2\/posts\/16955\/revisions"}],"predecessor-version":[{"id":16956,"href":"https:\/\/www.ayuntamientodeharia.com\/haria\/wp-json\/wp\/v2\/posts\/16955\/revisions\/16956"}],"wp:attachment":[{"href":"https:\/\/www.ayuntamientodeharia.com\/haria\/wp-json\/wp\/v2\/media?parent=16955"}],"wp:term":[{"taxonomy":"category","embeddable":true,"href":"https:\/\/www.ayuntamientodeharia.com\/haria\/wp-json\/wp\/v2\/categories?post=16955"},{"taxonomy":"post_tag","embeddable":true,"href":"https:\/\/www.ayuntamientodeharia.com\/haria\/wp-json\/wp\/v2\/tags?post=16955"}],"curies":[{"name":"wp","href":"https:\/\/api.w.org\/{rel}","templated":true}]}}