{"id":16950,"date":"2019-10-11T17:00:02","date_gmt":"2019-10-11T17:00:02","guid":{"rendered":"https:\/\/www.ayuntamientodeharia.com\/haria\/?p=16950"},"modified":"2019-10-11T17:25:43","modified_gmt":"2019-10-11T17:25:43","slug":"palabras-al-vuelo-llega-al-municipio-de-haria","status":"publish","type":"post","link":"https:\/\/www.ayuntamientodeharia.com\/haria\/palabras-al-vuelo-llega-al-municipio-de-haria\/","title":{"rendered":"\u2018Palabras al Vuelo\u2019 llega al municipio de Har\u00eda"},"content":{"rendered":"<p>El festival del cuento contado de Lanzarote \u2018Palabras al Vuelo\u2019, que celebra su s\u00e9ptima edici\u00f3n, llega el pr\u00f3ximo fin de semana al municipio norte\u00f1o con dos sesiones en el CSC La Tegala.<\/p>\n<p><!--more--><\/p>\n<p>&nbsp;<\/p>\n<p>As\u00ed, el s\u00e1bado 19 de octubre, a las 12:00 horas, intervendr\u00e1n B\u00f6na\u00ed Capote y Antonio L\u00f3pez con \u2018Cuenta que te cuenta que te contar\u00e9\u2019, dos voces narradoras que se acompasan y juegan en un \u00fanico universo de cuentos.<\/p>\n<p>&nbsp;<\/p>\n<p>A las 20:30 horas, ser\u00e1 el turno Juan Carlos Tacoronte y \u2018La incre\u00edble historia de Aquilina Escarcha y otros cuentos de nacer y de nacidos\u2019. Se trata de cuentos de parteras basados en historias reales; f\u00e1bulas tejidas a partir de frases que cuelgan de los endebles hilos de la memoria.<\/p>\n<p>&nbsp;<\/p>\n<p>\u2018Palabras al Vuelo\u2019 contin\u00faa con su filosof\u00eda y su l\u00ednea de trabajo dados los buenos resultados alcanzados hasta la fecha, buscando adem\u00e1s incorporar espacios, colaboradores y nuevas ideas que enriquezcan la programaci\u00f3n y aporten oportunidades atractivas para disfrutar de los cuentos narrados.<\/p>\n<p>&nbsp;<\/p>\n<p>Porque contar historias es la actividad comunicativa grupal m\u00e1s antigua y est\u00e1 presente en todas las culturas del mundo.<\/p>\n","protected":false},"excerpt":{"rendered":"<p>El festival del cuento contado de Lanzarote \u2018Palabras al Vuelo\u2019, que celebra su s\u00e9ptima edici\u00f3n, llega el pr\u00f3ximo fin de semana al municipio norte\u00f1o con dos sesiones en el CSC La Tegala.<\/p>\n","protected":false},"author":7,"featured_media":16951,"comment_status":"closed","ping_status":"closed","sticky":false,"template":"","format":"standard","meta":{"footnotes":""},"categories":[16,11],"tags":[],"class_list":["post-16950","post","type-post","status-publish","format-standard","has-post-thumbnail","hentry","category-cultura","category-hoja-de-haria"],"_links":{"self":[{"href":"https:\/\/www.ayuntamientodeharia.com\/haria\/wp-json\/wp\/v2\/posts\/16950","targetHints":{"allow":["GET"]}}],"collection":[{"href":"https:\/\/www.ayuntamientodeharia.com\/haria\/wp-json\/wp\/v2\/posts"}],"about":[{"href":"https:\/\/www.ayuntamientodeharia.com\/haria\/wp-json\/wp\/v2\/types\/post"}],"author":[{"embeddable":true,"href":"https:\/\/www.ayuntamientodeharia.com\/haria\/wp-json\/wp\/v2\/users\/7"}],"replies":[{"embeddable":true,"href":"https:\/\/www.ayuntamientodeharia.com\/haria\/wp-json\/wp\/v2\/comments?post=16950"}],"version-history":[{"count":2,"href":"https:\/\/www.ayuntamientodeharia.com\/haria\/wp-json\/wp\/v2\/posts\/16950\/revisions"}],"predecessor-version":[{"id":16963,"href":"https:\/\/www.ayuntamientodeharia.com\/haria\/wp-json\/wp\/v2\/posts\/16950\/revisions\/16963"}],"wp:featuredmedia":[{"embeddable":true,"href":"https:\/\/www.ayuntamientodeharia.com\/haria\/wp-json\/wp\/v2\/media\/16951"}],"wp:attachment":[{"href":"https:\/\/www.ayuntamientodeharia.com\/haria\/wp-json\/wp\/v2\/media?parent=16950"}],"wp:term":[{"taxonomy":"category","embeddable":true,"href":"https:\/\/www.ayuntamientodeharia.com\/haria\/wp-json\/wp\/v2\/categories?post=16950"},{"taxonomy":"post_tag","embeddable":true,"href":"https:\/\/www.ayuntamientodeharia.com\/haria\/wp-json\/wp\/v2\/tags?post=16950"}],"curies":[{"name":"wp","href":"https:\/\/api.w.org\/{rel}","templated":true}]}}