{"id":16939,"date":"2019-10-10T10:26:34","date_gmt":"2019-10-10T10:26:34","guid":{"rendered":"https:\/\/www.ayuntamientodeharia.com\/haria\/?p=16939"},"modified":"2019-10-10T10:30:25","modified_gmt":"2019-10-10T10:30:25","slug":"nuevo-taller-semanal-de-arteterapia-amarte","status":"publish","type":"post","link":"https:\/\/www.ayuntamientodeharia.com\/haria\/nuevo-taller-semanal-de-arteterapia-amarte\/","title":{"rendered":"&#8216;AmArte&#8217;: nuevo taller semanal de arteterapia y otras pr\u00e1cticas para la salud"},"content":{"rendered":"<p>El Ayuntamiento de Har\u00eda, a trav\u00e9s de la Concejal\u00eda de Igualdad, que coordina Chaxiraxi Niz,\u00a0 pone en marcha el taller &#8216;AmArte&#8217;, dirigido a todos los vecinos del municipio,\u00a0 que se desarrollar\u00e1 los jueves por la tarde, en la Casa del Cura.<\/p>\n<p><!--more--><\/p>\n<p>&nbsp;<\/p>\n<p>&#8216;AmArte&#8217; se propone como un taller semanal de arteterapia y otras pr\u00e1cticas para la salud orientado a personas que por diversas causas pueden estar atravesando un per\u00edodo de dificultad o de baja autoestima.<\/p>\n<p>&nbsp;<\/p>\n<p>La metodolog\u00eda de trabajo combina m\u00faltiples t\u00e9cnicas de expresi\u00f3n corporal y relajaci\u00f3n con otras v\u00edas de expresi\u00f3n centradas en la creaci\u00f3n pl\u00e1stica y la escritura.<\/p>\n<p>&nbsp;<\/p>\n<p>Las plazas son limitadas por lo que se cubrir\u00e1n por estricto orden de inscripci\u00f3n. Para m\u00e1s informaci\u00f3n e inscripci\u00f3n pueden llamar al tel\u00e9fono: 690780050 o escribir al correo electr\u00f3nico <u><a href=\"mailto:aeguren01@gmail.com\">aeguren01@gmail.com.<\/a><\/u><\/p>\n","protected":false},"excerpt":{"rendered":"<p>El Ayuntamiento de Har\u00eda, a trav\u00e9s de la Concejal\u00eda de Igualdad, que coordina Chaxiraxi Niz,\u00a0 pone en marcha el taller &#8216;AmArte&#8217;, dirigido a todos los vecinos del municipio,\u00a0 que se desarrollar\u00e1 los jueves por la tarde, en la Casa del Cura.<\/p>\n","protected":false},"author":7,"featured_media":16940,"comment_status":"closed","ping_status":"closed","sticky":false,"template":"","format":"standard","meta":{"footnotes":""},"categories":[11,30],"tags":[],"class_list":["post-16939","post","type-post","status-publish","format-standard","has-post-thumbnail","hentry","category-hoja-de-haria","category-igualdad"],"_links":{"self":[{"href":"https:\/\/www.ayuntamientodeharia.com\/haria\/wp-json\/wp\/v2\/posts\/16939","targetHints":{"allow":["GET"]}}],"collection":[{"href":"https:\/\/www.ayuntamientodeharia.com\/haria\/wp-json\/wp\/v2\/posts"}],"about":[{"href":"https:\/\/www.ayuntamientodeharia.com\/haria\/wp-json\/wp\/v2\/types\/post"}],"author":[{"embeddable":true,"href":"https:\/\/www.ayuntamientodeharia.com\/haria\/wp-json\/wp\/v2\/users\/7"}],"replies":[{"embeddable":true,"href":"https:\/\/www.ayuntamientodeharia.com\/haria\/wp-json\/wp\/v2\/comments?post=16939"}],"version-history":[{"count":5,"href":"https:\/\/www.ayuntamientodeharia.com\/haria\/wp-json\/wp\/v2\/posts\/16939\/revisions"}],"predecessor-version":[{"id":16945,"href":"https:\/\/www.ayuntamientodeharia.com\/haria\/wp-json\/wp\/v2\/posts\/16939\/revisions\/16945"}],"wp:featuredmedia":[{"embeddable":true,"href":"https:\/\/www.ayuntamientodeharia.com\/haria\/wp-json\/wp\/v2\/media\/16940"}],"wp:attachment":[{"href":"https:\/\/www.ayuntamientodeharia.com\/haria\/wp-json\/wp\/v2\/media?parent=16939"}],"wp:term":[{"taxonomy":"category","embeddable":true,"href":"https:\/\/www.ayuntamientodeharia.com\/haria\/wp-json\/wp\/v2\/categories?post=16939"},{"taxonomy":"post_tag","embeddable":true,"href":"https:\/\/www.ayuntamientodeharia.com\/haria\/wp-json\/wp\/v2\/tags?post=16939"}],"curies":[{"name":"wp","href":"https:\/\/api.w.org\/{rel}","templated":true}]}}