{"id":16928,"date":"2019-10-05T13:34:35","date_gmt":"2019-10-05T13:34:35","guid":{"rendered":"https:\/\/www.ayuntamientodeharia.com\/haria\/?p=16928"},"modified":"2019-10-05T13:34:35","modified_gmt":"2019-10-05T13:34:35","slug":"se-abre-el-plazo-de-inscripcion-de-expositores-para-la-feria-de-la-tapa-en-la-haria-extreme-lanzarote","status":"publish","type":"post","link":"https:\/\/www.ayuntamientodeharia.com\/haria\/se-abre-el-plazo-de-inscripcion-de-expositores-para-la-feria-de-la-tapa-en-la-haria-extreme-lanzarote\/","title":{"rendered":"Se abre el plazo de inscripci\u00f3n de expositores para la Feria de la Tapa en la \u2018Har\u00eda Extreme Lanzarote\u2019"},"content":{"rendered":"<p>Desde la organizaci\u00f3n del evento deportivo \u2018Har\u00eda Extreme Lanzarote 9.0\u2019, a celebrar del 14 al 16 de noviembre en Har\u00eda, se informa de que se abre el plazo de inscripci\u00f3n para las solicitudes de stands para los servicios de restauraci\u00f3n dentro del \u2018Tapeo\u00b4s Runner\u2019, feria de la tapa, que abrir\u00e1 el s\u00e1bado 16 de noviembre, d\u00eda principal del evento y d\u00eda de carrera.<\/p>\n<p><!--more--><\/p>\n<p>&nbsp;<\/p>\n<p>Las solicitudes deber\u00e1n presentarse en el Registro General del Ayuntamiento de Har\u00eda desde el lunes 7 de octubre y hasta el viernes 18 de octubre (ambos inclusive).<\/p>\n<p>&nbsp;<\/p>\n<p>Con el objetivo principal de que la mayor\u00eda de los sectores empresariales de Har\u00eda participen en el evento se anima desde la organizaci\u00f3n a que, un a\u00f1o m\u00e1s, se cubran todas las expectativas y servicios con empresas de restauraci\u00f3n del municipio, mostrando al visitante y al participante todas las excelencias culinarias del norte de Lanzarote.<\/p>\n<p>&nbsp;<\/p>\n","protected":false},"excerpt":{"rendered":"<p>Desde la organizaci\u00f3n del evento deportivo \u2018Har\u00eda Extreme Lanzarote 9.0\u2019, a celebrar del 14 al 16 de noviembre en Har\u00eda, se informa de que se abre el plazo de inscripci\u00f3n para las solicitudes de stands para los servicios de restauraci\u00f3n dentro del \u2018Tapeo\u00b4s Runner\u2019, feria de la tapa, que abrir\u00e1 el s\u00e1bado 16 de noviembre, [&hellip;]<\/p>\n","protected":false},"author":7,"featured_media":16929,"comment_status":"closed","ping_status":"closed","sticky":false,"template":"","format":"standard","meta":{"footnotes":""},"categories":[17,11],"tags":[],"class_list":["post-16928","post","type-post","status-publish","format-standard","has-post-thumbnail","hentry","category-deportes","category-hoja-de-haria"],"_links":{"self":[{"href":"https:\/\/www.ayuntamientodeharia.com\/haria\/wp-json\/wp\/v2\/posts\/16928","targetHints":{"allow":["GET"]}}],"collection":[{"href":"https:\/\/www.ayuntamientodeharia.com\/haria\/wp-json\/wp\/v2\/posts"}],"about":[{"href":"https:\/\/www.ayuntamientodeharia.com\/haria\/wp-json\/wp\/v2\/types\/post"}],"author":[{"embeddable":true,"href":"https:\/\/www.ayuntamientodeharia.com\/haria\/wp-json\/wp\/v2\/users\/7"}],"replies":[{"embeddable":true,"href":"https:\/\/www.ayuntamientodeharia.com\/haria\/wp-json\/wp\/v2\/comments?post=16928"}],"version-history":[{"count":1,"href":"https:\/\/www.ayuntamientodeharia.com\/haria\/wp-json\/wp\/v2\/posts\/16928\/revisions"}],"predecessor-version":[{"id":16930,"href":"https:\/\/www.ayuntamientodeharia.com\/haria\/wp-json\/wp\/v2\/posts\/16928\/revisions\/16930"}],"wp:featuredmedia":[{"embeddable":true,"href":"https:\/\/www.ayuntamientodeharia.com\/haria\/wp-json\/wp\/v2\/media\/16929"}],"wp:attachment":[{"href":"https:\/\/www.ayuntamientodeharia.com\/haria\/wp-json\/wp\/v2\/media?parent=16928"}],"wp:term":[{"taxonomy":"category","embeddable":true,"href":"https:\/\/www.ayuntamientodeharia.com\/haria\/wp-json\/wp\/v2\/categories?post=16928"},{"taxonomy":"post_tag","embeddable":true,"href":"https:\/\/www.ayuntamientodeharia.com\/haria\/wp-json\/wp\/v2\/tags?post=16928"}],"curies":[{"name":"wp","href":"https:\/\/api.w.org\/{rel}","templated":true}]}}