{"id":16919,"date":"2019-10-05T13:30:59","date_gmt":"2019-10-05T13:30:59","guid":{"rendered":"https:\/\/www.ayuntamientodeharia.com\/haria\/?p=16919"},"modified":"2019-10-05T13:30:59","modified_gmt":"2019-10-05T13:30:59","slug":"taller-de-igualdad-y-expresion-creativa","status":"publish","type":"post","link":"https:\/\/www.ayuntamientodeharia.com\/haria\/taller-de-igualdad-y-expresion-creativa\/","title":{"rendered":"Taller de igualdad y expresi\u00f3n creativa"},"content":{"rendered":"<p>La Concejal\u00eda de Igualdad, que coordina la concejala Chaxiraxi Niz, invita a la poblaci\u00f3n a participar en el marco del Proyecto Centro de Atenci\u00f3n a la Mujer, donde la Asociaci\u00f3n Feminista Tiemar ofrece el Taller \u2018Igualdad y Expresi\u00f3n Creativa: Trabajando la Historia Oral\u2019.<\/p>\n<p><!--more--><\/p>\n<p>&nbsp;<\/p>\n<p>El taller, que ser\u00e1 impartido por Marianna Lopes, utiliza t\u00e9cnicas de narrativa oral para reflexionar sobre la igualdad de g\u00e9nero dentro de nuestra propia historia.<\/p>\n<p>&nbsp;<\/p>\n<p>El evento tendr\u00e1 lugar los d\u00edas 14 y 28 de octubre, a las 17:00 horas, en la Tegala de Har\u00eda, dirigido a residentes de Har\u00eda y dem\u00e1s municipios. Para m\u00e1s informaci\u00f3n e inscripci\u00f3n en las pueden llamar al tel\u00e9fono 657 043 316.<\/p>\n<p>&nbsp;<\/p>\n<p>&nbsp;<\/p>\n","protected":false},"excerpt":{"rendered":"<p>La Concejal\u00eda de Igualdad, que coordina la concejala Chaxiraxi Niz, invita a la poblaci\u00f3n a participar en el marco del Proyecto Centro de Atenci\u00f3n a la Mujer, donde la Asociaci\u00f3n Feminista Tiemar ofrece el Taller \u2018Igualdad y Expresi\u00f3n Creativa: Trabajando la Historia Oral\u2019.<\/p>\n","protected":false},"author":7,"featured_media":16920,"comment_status":"closed","ping_status":"closed","sticky":false,"template":"","format":"standard","meta":{"footnotes":""},"categories":[11,30],"tags":[],"class_list":["post-16919","post","type-post","status-publish","format-standard","has-post-thumbnail","hentry","category-hoja-de-haria","category-igualdad"],"_links":{"self":[{"href":"https:\/\/www.ayuntamientodeharia.com\/haria\/wp-json\/wp\/v2\/posts\/16919","targetHints":{"allow":["GET"]}}],"collection":[{"href":"https:\/\/www.ayuntamientodeharia.com\/haria\/wp-json\/wp\/v2\/posts"}],"about":[{"href":"https:\/\/www.ayuntamientodeharia.com\/haria\/wp-json\/wp\/v2\/types\/post"}],"author":[{"embeddable":true,"href":"https:\/\/www.ayuntamientodeharia.com\/haria\/wp-json\/wp\/v2\/users\/7"}],"replies":[{"embeddable":true,"href":"https:\/\/www.ayuntamientodeharia.com\/haria\/wp-json\/wp\/v2\/comments?post=16919"}],"version-history":[{"count":1,"href":"https:\/\/www.ayuntamientodeharia.com\/haria\/wp-json\/wp\/v2\/posts\/16919\/revisions"}],"predecessor-version":[{"id":16921,"href":"https:\/\/www.ayuntamientodeharia.com\/haria\/wp-json\/wp\/v2\/posts\/16919\/revisions\/16921"}],"wp:featuredmedia":[{"embeddable":true,"href":"https:\/\/www.ayuntamientodeharia.com\/haria\/wp-json\/wp\/v2\/media\/16920"}],"wp:attachment":[{"href":"https:\/\/www.ayuntamientodeharia.com\/haria\/wp-json\/wp\/v2\/media?parent=16919"}],"wp:term":[{"taxonomy":"category","embeddable":true,"href":"https:\/\/www.ayuntamientodeharia.com\/haria\/wp-json\/wp\/v2\/categories?post=16919"},{"taxonomy":"post_tag","embeddable":true,"href":"https:\/\/www.ayuntamientodeharia.com\/haria\/wp-json\/wp\/v2\/tags?post=16919"}],"curies":[{"name":"wp","href":"https:\/\/api.w.org\/{rel}","templated":true}]}}