{"id":16917,"date":"2019-10-05T13:26:13","date_gmt":"2019-10-05T13:26:13","guid":{"rendered":"https:\/\/www.ayuntamientodeharia.com\/haria\/?p=16917"},"modified":"2019-10-05T13:26:18","modified_gmt":"2019-10-05T13:26:18","slug":"la-alcaldia-se-traslada-a-los-pueblos-del-municipio","status":"publish","type":"post","link":"https:\/\/www.ayuntamientodeharia.com\/haria\/la-alcaldia-se-traslada-a-los-pueblos-del-municipio\/","title":{"rendered":"La Alcald\u00eda se traslada a los pueblos del municipio"},"content":{"rendered":"<p>El grupo de gobierno de Har\u00eda considera fundamental acercar la Administraci\u00f3n a todos los vecinos del municipio, especialmente a aquellos que por una raz\u00f3n u otra tienen m\u00e1s dificultades para trasladar sus peticiones, quejas o sugerencias a sus representantes p\u00fablicos.<\/p>\n<p><!--more--><\/p>\n<p>&nbsp;<\/p>\n<p>Por este motivo, el alcalde iniciar\u00e1 una ronda por los distintos pagos del norte de la Isla con el fin de atender a todo aquel que lo desee de manera individualizada.<\/p>\n<p>&nbsp;<\/p>\n<p>La primera visita tendr\u00e1 lugar el pr\u00f3ximo martes, 8 de octubre, de 9:00 a 12:00 horas, en la Sociedad Renacimiento de Mala, mientras que el s\u00e1bado 12, Alfredo Villalba se desplazar\u00e1 al CSC El Tef\u00edo de Ye, donde recibir\u00e1 a los vecinos de 17:00 a 20:00 horas.<\/p>\n","protected":false},"excerpt":{"rendered":"<p>El grupo de gobierno de Har\u00eda considera fundamental acercar la Administraci\u00f3n a todos los vecinos del municipio, especialmente a aquellos que por una raz\u00f3n u otra tienen m\u00e1s dificultades para trasladar sus peticiones, quejas o sugerencias a sus representantes p\u00fablicos.<\/p>\n","protected":false},"author":7,"featured_media":9914,"comment_status":"closed","ping_status":"closed","sticky":false,"template":"","format":"standard","meta":{"footnotes":""},"categories":[73,11,81],"tags":[],"class_list":["post-16917","post","type-post","status-publish","format-standard","has-post-thumbnail","hentry","category-alcaldia","category-hoja-de-haria","category-municipio"],"_links":{"self":[{"href":"https:\/\/www.ayuntamientodeharia.com\/haria\/wp-json\/wp\/v2\/posts\/16917","targetHints":{"allow":["GET"]}}],"collection":[{"href":"https:\/\/www.ayuntamientodeharia.com\/haria\/wp-json\/wp\/v2\/posts"}],"about":[{"href":"https:\/\/www.ayuntamientodeharia.com\/haria\/wp-json\/wp\/v2\/types\/post"}],"author":[{"embeddable":true,"href":"https:\/\/www.ayuntamientodeharia.com\/haria\/wp-json\/wp\/v2\/users\/7"}],"replies":[{"embeddable":true,"href":"https:\/\/www.ayuntamientodeharia.com\/haria\/wp-json\/wp\/v2\/comments?post=16917"}],"version-history":[{"count":1,"href":"https:\/\/www.ayuntamientodeharia.com\/haria\/wp-json\/wp\/v2\/posts\/16917\/revisions"}],"predecessor-version":[{"id":16918,"href":"https:\/\/www.ayuntamientodeharia.com\/haria\/wp-json\/wp\/v2\/posts\/16917\/revisions\/16918"}],"wp:featuredmedia":[{"embeddable":true,"href":"https:\/\/www.ayuntamientodeharia.com\/haria\/wp-json\/wp\/v2\/media\/9914"}],"wp:attachment":[{"href":"https:\/\/www.ayuntamientodeharia.com\/haria\/wp-json\/wp\/v2\/media?parent=16917"}],"wp:term":[{"taxonomy":"category","embeddable":true,"href":"https:\/\/www.ayuntamientodeharia.com\/haria\/wp-json\/wp\/v2\/categories?post=16917"},{"taxonomy":"post_tag","embeddable":true,"href":"https:\/\/www.ayuntamientodeharia.com\/haria\/wp-json\/wp\/v2\/tags?post=16917"}],"curies":[{"name":"wp","href":"https:\/\/api.w.org\/{rel}","templated":true}]}}