{"id":16911,"date":"2019-10-05T13:19:26","date_gmt":"2019-10-05T13:19:26","guid":{"rendered":"https:\/\/www.ayuntamientodeharia.com\/haria\/?p=16911"},"modified":"2019-10-05T13:19:26","modified_gmt":"2019-10-05T13:19:26","slug":"inicio-de-los-talleres-de-la-asociacion-milana","status":"publish","type":"post","link":"https:\/\/www.ayuntamientodeharia.com\/haria\/inicio-de-los-talleres-de-la-asociacion-milana\/","title":{"rendered":"Inicio de los talleres de la asociaci\u00f3n Milana"},"content":{"rendered":"<p><img decoding=\"async\" class=\"alignleft size-thumbnail wp-image-16912\" src=\"https:\/\/www.ayuntamientodeharia.com\/haria\/wp-content\/uploads\/2019\/10\/Logo-Milana-150x150.png\" alt=\"\" width=\"150\" height=\"150\" \/>La Asociaci\u00f3n Milana informa de que el pr\u00f3ximo lunes, 14 de octubre, se inician los talleres que la Asociaci\u00f3n realiza cada a\u00f1o en colaboraci\u00f3n con el Servicio Canario de Empleo.<\/p>\n<p><!--more--><\/p>\n<p>&nbsp;<\/p>\n<p>As\u00ed, todos los lunes hasta el mes de junio de 2020 se realizar\u00e1n dos talleres; en horario de 9:00 a 11:00 el de telar y reciclado, y de 11:30 a 13:30, el taller de manualidades.<\/p>\n<p>&nbsp;<\/p>\n<p>El primer taller estar\u00e1 enfocado al telar de pared y al reciclado de materiales textiles (zapatos, bolsos, etc.) y el segundo a realizar distintas manualidades como acuarelas y decoraci\u00f3n de materiales.<\/p>\n<p>&nbsp;<\/p>\n<p>Ambos talleres son gratuitos y est\u00e1n dirigidos a personas mayores de edad. Para m\u00e1s informaci\u00f3n e inscripci\u00f3n contactar en el tel\u00e9fono 928 529 328 o en el correo electr\u00f3nico\u00a0<a href=\"mailto:asocmilana@gmail.com\">asocmilana@gmail.com<\/a>.<\/p>\n","protected":false},"excerpt":{"rendered":"<p>La Asociaci\u00f3n Milana informa de que el pr\u00f3ximo lunes, 14 de octubre, se inician los talleres que la Asociaci\u00f3n realiza cada a\u00f1o en colaboraci\u00f3n con el Servicio Canario de Empleo.<\/p>\n","protected":false},"author":7,"featured_media":0,"comment_status":"closed","ping_status":"closed","sticky":false,"template":"","format":"standard","meta":{"footnotes":""},"categories":[173,11],"tags":[],"class_list":["post-16911","post","type-post","status-publish","format-standard","hentry","category-empleo","category-hoja-de-haria"],"_links":{"self":[{"href":"https:\/\/www.ayuntamientodeharia.com\/haria\/wp-json\/wp\/v2\/posts\/16911","targetHints":{"allow":["GET"]}}],"collection":[{"href":"https:\/\/www.ayuntamientodeharia.com\/haria\/wp-json\/wp\/v2\/posts"}],"about":[{"href":"https:\/\/www.ayuntamientodeharia.com\/haria\/wp-json\/wp\/v2\/types\/post"}],"author":[{"embeddable":true,"href":"https:\/\/www.ayuntamientodeharia.com\/haria\/wp-json\/wp\/v2\/users\/7"}],"replies":[{"embeddable":true,"href":"https:\/\/www.ayuntamientodeharia.com\/haria\/wp-json\/wp\/v2\/comments?post=16911"}],"version-history":[{"count":1,"href":"https:\/\/www.ayuntamientodeharia.com\/haria\/wp-json\/wp\/v2\/posts\/16911\/revisions"}],"predecessor-version":[{"id":16913,"href":"https:\/\/www.ayuntamientodeharia.com\/haria\/wp-json\/wp\/v2\/posts\/16911\/revisions\/16913"}],"wp:attachment":[{"href":"https:\/\/www.ayuntamientodeharia.com\/haria\/wp-json\/wp\/v2\/media?parent=16911"}],"wp:term":[{"taxonomy":"category","embeddable":true,"href":"https:\/\/www.ayuntamientodeharia.com\/haria\/wp-json\/wp\/v2\/categories?post=16911"},{"taxonomy":"post_tag","embeddable":true,"href":"https:\/\/www.ayuntamientodeharia.com\/haria\/wp-json\/wp\/v2\/tags?post=16911"}],"curies":[{"name":"wp","href":"https:\/\/api.w.org\/{rel}","templated":true}]}}