{"id":16907,"date":"2019-10-05T13:16:56","date_gmt":"2019-10-05T13:16:56","guid":{"rendered":"https:\/\/www.ayuntamientodeharia.com\/haria\/?p=16907"},"modified":"2019-10-05T13:18:32","modified_gmt":"2019-10-05T13:18:32","slug":"agradecimiento-a-la-directiva-de-las-fiestas-de-mala","status":"publish","type":"post","link":"https:\/\/www.ayuntamientodeharia.com\/haria\/agradecimiento-a-la-directiva-de-las-fiestas-de-mala\/","title":{"rendered":"Agradecimiento a la Directiva de las Fiestas de Mala"},"content":{"rendered":"<p><img decoding=\"async\" class=\"alignleft size-thumbnail wp-image-1792\" src=\"https:\/\/www.ayuntamientodeharia.com\/haria\/wp-content\/uploads\/2015\/06\/hoja_756_soraya-150x150.jpg\" alt=\"\" width=\"150\" height=\"150\" \/>La concejala de Festejos, Soraya Brito, quiere dar las gracias\u00a0a la Directiva de las Fiestas de Mala, y en especial a Laura y a Yenni, por lo que me han ayudado para que todo fuera m\u00e1s f\u00e1cil y por estar siempre disponible para hacerlo.<\/p>\n<p><!--more--><\/p>\n<p>&nbsp;<\/p>\n<p>Son un grupo peque\u00f1o pero muy currante y s\u00e9 que disfrutan haci\u00e9ndolo. En Mala me acogen y me siento en familia y eso es de agradecer.<\/p>\n<p>&nbsp;<\/p>\n<p>Me gustar\u00eda animar a m\u00e1s personas para que colaboren en la organizaci\u00f3n de cara a los pr\u00f3ximos a\u00f1os y as\u00ed poder conseguir unas Fiestas de las Mercedes cada vez mejores.<\/p>\n<p>&nbsp;<\/p>\n<p>Todos suman. Gracias a todos.<\/p>\n","protected":false},"excerpt":{"rendered":"<p>La concejala de Festejos, Soraya Brito, quiere dar las gracias\u00a0a la Directiva de las Fiestas de Mala, y en especial a Laura y a Yenni, por lo que me han ayudado para que todo fuera m\u00e1s f\u00e1cil y por estar siempre disponible para hacerlo.<\/p>\n","protected":false},"author":7,"featured_media":0,"comment_status":"closed","ping_status":"closed","sticky":false,"template":"","format":"standard","meta":{"footnotes":""},"categories":[15,11,81],"tags":[],"class_list":["post-16907","post","type-post","status-publish","format-standard","hentry","category-festejos","category-hoja-de-haria","category-municipio"],"_links":{"self":[{"href":"https:\/\/www.ayuntamientodeharia.com\/haria\/wp-json\/wp\/v2\/posts\/16907","targetHints":{"allow":["GET"]}}],"collection":[{"href":"https:\/\/www.ayuntamientodeharia.com\/haria\/wp-json\/wp\/v2\/posts"}],"about":[{"href":"https:\/\/www.ayuntamientodeharia.com\/haria\/wp-json\/wp\/v2\/types\/post"}],"author":[{"embeddable":true,"href":"https:\/\/www.ayuntamientodeharia.com\/haria\/wp-json\/wp\/v2\/users\/7"}],"replies":[{"embeddable":true,"href":"https:\/\/www.ayuntamientodeharia.com\/haria\/wp-json\/wp\/v2\/comments?post=16907"}],"version-history":[{"count":1,"href":"https:\/\/www.ayuntamientodeharia.com\/haria\/wp-json\/wp\/v2\/posts\/16907\/revisions"}],"predecessor-version":[{"id":16908,"href":"https:\/\/www.ayuntamientodeharia.com\/haria\/wp-json\/wp\/v2\/posts\/16907\/revisions\/16908"}],"wp:attachment":[{"href":"https:\/\/www.ayuntamientodeharia.com\/haria\/wp-json\/wp\/v2\/media?parent=16907"}],"wp:term":[{"taxonomy":"category","embeddable":true,"href":"https:\/\/www.ayuntamientodeharia.com\/haria\/wp-json\/wp\/v2\/categories?post=16907"},{"taxonomy":"post_tag","embeddable":true,"href":"https:\/\/www.ayuntamientodeharia.com\/haria\/wp-json\/wp\/v2\/tags?post=16907"}],"curies":[{"name":"wp","href":"https:\/\/api.w.org\/{rel}","templated":true}]}}