{"id":16896,"date":"2019-10-04T15:10:07","date_gmt":"2019-10-04T15:10:07","guid":{"rendered":"https:\/\/www.ayuntamientodeharia.com\/haria\/?p=16896"},"modified":"2019-10-04T15:10:59","modified_gmt":"2019-10-04T15:10:59","slug":"el-ayuntamiento-de-haria-apoyara-las-reivindicaciones-medioambientales-de-los-estudiantes-del-ies","status":"publish","type":"post","link":"https:\/\/www.ayuntamientodeharia.com\/haria\/el-ayuntamiento-de-haria-apoyara-las-reivindicaciones-medioambientales-de-los-estudiantes-del-ies\/","title":{"rendered":"El Ayuntamiento de Har\u00eda apoyar\u00e1 las reivindicaciones medioambientales de los estudiantes del IES"},"content":{"rendered":"<p>Con motivo de la convocatoria de la Huelga Mundial por el Clima, los estudiantes del IES de Har\u00eda se movilizaron para reclamar de las autoridades el reconocimiento del estado de emergencia clim\u00e1tica en el que nos encontramos y las medidas que de ella se deriven.<\/p>\n<p><!--more--><\/p>\n<p>&nbsp;<\/p>\n<p>El acuerdo institucional que el alcalde de Har\u00eda propondr\u00e1 en el pr\u00f3ximo pleno del Ayuntamiento derivar\u00e1 en una serie de medidas enfocadas a la protecci\u00f3n del clima y la salud.<\/p>\n<p>&nbsp;<\/p>\n<p>Desde el Consistorio se definir\u00e1n las pol\u00edticas medioambientales y contra el cambio clim\u00e1tico necesarias para frenar los efectos devastadores que produce en nuestro h\u00e1bitat.<\/p>\n<p>&nbsp;<\/p>\n<p>En l\u00ednea con las iniciativas propuestas por el Cabildo de Lanzarote, el Ayuntamiento de Har\u00eda pondr\u00e1 en marcha una campa\u00f1a informativa para que los vecinos del municipio conozcan la importancia y consecuencias del cambio clim\u00e1tico.<\/p>\n<p>&nbsp;<\/p>\n<p>El alcalde ha manifestado su intenci\u00f3n de que, en breve, pondr\u00e1 en marcha las actuaciones necesarias para implementar en el municipio la Agenda 2030 de los Objetivos de Desarrollo Sostenible definidos por la ONU y que nuestro pa\u00eds ha asumido como objetivo prioritario.<\/p>\n","protected":false},"excerpt":{"rendered":"<p>Con motivo de la convocatoria de la Huelga Mundial por el Clima, los estudiantes del IES de Har\u00eda se movilizaron para reclamar de las autoridades el reconocimiento del estado de emergencia clim\u00e1tica en el que nos encontramos y las medidas que de ella se deriven.<\/p>\n","protected":false},"author":7,"featured_media":16897,"comment_status":"closed","ping_status":"closed","sticky":false,"template":"","format":"standard","meta":{"footnotes":""},"categories":[73,19,11,51],"tags":[],"class_list":["post-16896","post","type-post","status-publish","format-standard","has-post-thumbnail","hentry","category-alcaldia","category-formacion","category-hoja-de-haria","category-medioambiente"],"_links":{"self":[{"href":"https:\/\/www.ayuntamientodeharia.com\/haria\/wp-json\/wp\/v2\/posts\/16896","targetHints":{"allow":["GET"]}}],"collection":[{"href":"https:\/\/www.ayuntamientodeharia.com\/haria\/wp-json\/wp\/v2\/posts"}],"about":[{"href":"https:\/\/www.ayuntamientodeharia.com\/haria\/wp-json\/wp\/v2\/types\/post"}],"author":[{"embeddable":true,"href":"https:\/\/www.ayuntamientodeharia.com\/haria\/wp-json\/wp\/v2\/users\/7"}],"replies":[{"embeddable":true,"href":"https:\/\/www.ayuntamientodeharia.com\/haria\/wp-json\/wp\/v2\/comments?post=16896"}],"version-history":[{"count":2,"href":"https:\/\/www.ayuntamientodeharia.com\/haria\/wp-json\/wp\/v2\/posts\/16896\/revisions"}],"predecessor-version":[{"id":16899,"href":"https:\/\/www.ayuntamientodeharia.com\/haria\/wp-json\/wp\/v2\/posts\/16896\/revisions\/16899"}],"wp:featuredmedia":[{"embeddable":true,"href":"https:\/\/www.ayuntamientodeharia.com\/haria\/wp-json\/wp\/v2\/media\/16897"}],"wp:attachment":[{"href":"https:\/\/www.ayuntamientodeharia.com\/haria\/wp-json\/wp\/v2\/media?parent=16896"}],"wp:term":[{"taxonomy":"category","embeddable":true,"href":"https:\/\/www.ayuntamientodeharia.com\/haria\/wp-json\/wp\/v2\/categories?post=16896"},{"taxonomy":"post_tag","embeddable":true,"href":"https:\/\/www.ayuntamientodeharia.com\/haria\/wp-json\/wp\/v2\/tags?post=16896"}],"curies":[{"name":"wp","href":"https:\/\/api.w.org\/{rel}","templated":true}]}}