{"id":16830,"date":"2019-09-20T16:00:55","date_gmt":"2019-09-20T16:00:55","guid":{"rendered":"https:\/\/www.ayuntamientodeharia.com\/haria\/?p=16830"},"modified":"2019-09-20T16:00:55","modified_gmt":"2019-09-20T16:00:55","slug":"haria-aprueba-definitivamente-un-presupuesto-de-mas-de-siete-millones-de-euros","status":"publish","type":"post","link":"https:\/\/www.ayuntamientodeharia.com\/haria\/haria-aprueba-definitivamente-un-presupuesto-de-mas-de-siete-millones-de-euros\/","title":{"rendered":"Har\u00eda aprueba definitivamente un presupuesto de m\u00e1s de siete millones de euros"},"content":{"rendered":"<p>El pleno del Ayuntamiento de Har\u00eda acord\u00f3 este jueves, 19 de septiembre, en sesi\u00f3n extraordinaria, la aprobaci\u00f3n definitiva del presupuesto general para el ejercicio 2019, cuyo importe asciende a 7.150.290,28 euros.<\/p>\n<p><!--more--><\/p>\n<p>&nbsp;<\/p>\n<p>Se trata de unas cuentas que mantienen el compromiso con la estabilidad presupuestaria, la sostenibilidad financiera y el l\u00edmite de gasto de la administraci\u00f3n local, continuando con la pol\u00edtica de deuda cero con entidades financieras.<\/p>\n<p>&nbsp;<\/p>\n<p>El alcalde norte\u00f1o, Alfredo Villalba, pide disculpas por el retraso en la aprobaci\u00f3n de los presupuestos, debido en parte a los procesos electorales vividos, y traslada tiene su intenci\u00f3n de sacar adelante las nuevas cuentas municipales en tiempo y forma.<\/p>\n<p>&nbsp;<\/p>\n<p>De esta manera, el primer edil aboga por un proceso participativo y consensuado con todas las fuerzas pol\u00edticas con representaci\u00f3n en el plenario de la Corporaci\u00f3n, \u201cpara lograr, entre todos, los mejores presupuestos para el municipio de Har\u00eda y sus vecinos\u201d.<\/p>\n<p>&nbsp;<\/p>\n<p>&nbsp;<\/p>\n<p>&nbsp;<\/p>\n","protected":false},"excerpt":{"rendered":"<p>El pleno del Ayuntamiento de Har\u00eda acord\u00f3 este jueves, 19 de septiembre, en sesi\u00f3n extraordinaria, la aprobaci\u00f3n definitiva del presupuesto general para el ejercicio 2019, cuyo importe asciende a 7.150.290,28 euros.<\/p>\n","protected":false},"author":7,"featured_media":9914,"comment_status":"closed","ping_status":"closed","sticky":false,"template":"","format":"standard","meta":{"footnotes":""},"categories":[73,75,11,109],"tags":[],"class_list":["post-16830","post","type-post","status-publish","format-standard","has-post-thumbnail","hentry","category-alcaldia","category-hacienda-y-recaudacion","category-hoja-de-haria","category-plenos"],"_links":{"self":[{"href":"https:\/\/www.ayuntamientodeharia.com\/haria\/wp-json\/wp\/v2\/posts\/16830","targetHints":{"allow":["GET"]}}],"collection":[{"href":"https:\/\/www.ayuntamientodeharia.com\/haria\/wp-json\/wp\/v2\/posts"}],"about":[{"href":"https:\/\/www.ayuntamientodeharia.com\/haria\/wp-json\/wp\/v2\/types\/post"}],"author":[{"embeddable":true,"href":"https:\/\/www.ayuntamientodeharia.com\/haria\/wp-json\/wp\/v2\/users\/7"}],"replies":[{"embeddable":true,"href":"https:\/\/www.ayuntamientodeharia.com\/haria\/wp-json\/wp\/v2\/comments?post=16830"}],"version-history":[{"count":1,"href":"https:\/\/www.ayuntamientodeharia.com\/haria\/wp-json\/wp\/v2\/posts\/16830\/revisions"}],"predecessor-version":[{"id":16831,"href":"https:\/\/www.ayuntamientodeharia.com\/haria\/wp-json\/wp\/v2\/posts\/16830\/revisions\/16831"}],"wp:featuredmedia":[{"embeddable":true,"href":"https:\/\/www.ayuntamientodeharia.com\/haria\/wp-json\/wp\/v2\/media\/9914"}],"wp:attachment":[{"href":"https:\/\/www.ayuntamientodeharia.com\/haria\/wp-json\/wp\/v2\/media?parent=16830"}],"wp:term":[{"taxonomy":"category","embeddable":true,"href":"https:\/\/www.ayuntamientodeharia.com\/haria\/wp-json\/wp\/v2\/categories?post=16830"},{"taxonomy":"post_tag","embeddable":true,"href":"https:\/\/www.ayuntamientodeharia.com\/haria\/wp-json\/wp\/v2\/tags?post=16830"}],"curies":[{"name":"wp","href":"https:\/\/api.w.org\/{rel}","templated":true}]}}