{"id":16824,"date":"2019-09-20T15:56:47","date_gmt":"2019-09-20T15:56:47","guid":{"rendered":"https:\/\/www.ayuntamientodeharia.com\/haria\/?p=16824"},"modified":"2019-09-20T15:57:02","modified_gmt":"2019-09-20T15:57:02","slug":"leticia-martin-presenta-su-libro-trozitos-de-vida-en-el-aljibe","status":"publish","type":"post","link":"https:\/\/www.ayuntamientodeharia.com\/haria\/leticia-martin-presenta-su-libro-trozitos-de-vida-en-el-aljibe\/","title":{"rendered":"Leticia Mart\u00edn presenta su libro \u2018Trozitos de vida\u2019 en El Aljibe"},"content":{"rendered":"<p>El s\u00e1bado 28 de septiembre, a las 12:00 horas, Leticia Mart\u00edn presentar\u00e1 su libro \u2018Trozitos de vida\u2019, en la sala de exposiciones El Aljibe de Har\u00eda.<\/p>\n<p><!--more--><\/p>\n<p>&nbsp;<\/p>\n<p>La lanzarote\u00f1a Leticia Mart\u00edn inicia su andadura en el \u00e1mbito literario con una obra llena de historia donde el amor y la incertidumbre se convierten en los protagonistas de cada una de ellas. Historias del d\u00eda, pasadas a punto de cumplir, sentidas, reales o simplemente vividas sin vivir son las que le conforman \u2018Trozitos de vida\u2019.<\/p>\n<p>&nbsp;<\/p>\n<p>Esta actividad forma parte del plan de dinamizaci\u00f3n de la sala de exposiciones El Aljibe de Har\u00eda, organizado por la Concejal\u00eda de Cultura, coordinada por Famara Gonz\u00e1lez.<\/p>\n","protected":false},"excerpt":{"rendered":"<p>El s\u00e1bado 28 de septiembre, a las 12:00 horas, Leticia Mart\u00edn presentar\u00e1 su libro \u2018Trozitos de vida\u2019, en la sala de exposiciones El Aljibe de Har\u00eda.<\/p>\n","protected":false},"author":7,"featured_media":16825,"comment_status":"closed","ping_status":"closed","sticky":false,"template":"","format":"standard","meta":{"footnotes":""},"categories":[16,11,97],"tags":[],"class_list":["post-16824","post","type-post","status-publish","format-standard","has-post-thumbnail","hentry","category-cultura","category-hoja-de-haria","category-sala-el-aljibe-de-haria"],"_links":{"self":[{"href":"https:\/\/www.ayuntamientodeharia.com\/haria\/wp-json\/wp\/v2\/posts\/16824","targetHints":{"allow":["GET"]}}],"collection":[{"href":"https:\/\/www.ayuntamientodeharia.com\/haria\/wp-json\/wp\/v2\/posts"}],"about":[{"href":"https:\/\/www.ayuntamientodeharia.com\/haria\/wp-json\/wp\/v2\/types\/post"}],"author":[{"embeddable":true,"href":"https:\/\/www.ayuntamientodeharia.com\/haria\/wp-json\/wp\/v2\/users\/7"}],"replies":[{"embeddable":true,"href":"https:\/\/www.ayuntamientodeharia.com\/haria\/wp-json\/wp\/v2\/comments?post=16824"}],"version-history":[{"count":2,"href":"https:\/\/www.ayuntamientodeharia.com\/haria\/wp-json\/wp\/v2\/posts\/16824\/revisions"}],"predecessor-version":[{"id":16827,"href":"https:\/\/www.ayuntamientodeharia.com\/haria\/wp-json\/wp\/v2\/posts\/16824\/revisions\/16827"}],"wp:featuredmedia":[{"embeddable":true,"href":"https:\/\/www.ayuntamientodeharia.com\/haria\/wp-json\/wp\/v2\/media\/16825"}],"wp:attachment":[{"href":"https:\/\/www.ayuntamientodeharia.com\/haria\/wp-json\/wp\/v2\/media?parent=16824"}],"wp:term":[{"taxonomy":"category","embeddable":true,"href":"https:\/\/www.ayuntamientodeharia.com\/haria\/wp-json\/wp\/v2\/categories?post=16824"},{"taxonomy":"post_tag","embeddable":true,"href":"https:\/\/www.ayuntamientodeharia.com\/haria\/wp-json\/wp\/v2\/tags?post=16824"}],"curies":[{"name":"wp","href":"https:\/\/api.w.org\/{rel}","templated":true}]}}