{"id":16820,"date":"2019-09-20T15:54:06","date_gmt":"2019-09-20T15:54:06","guid":{"rendered":"https:\/\/www.ayuntamientodeharia.com\/haria\/?p=16820"},"modified":"2019-09-20T15:54:13","modified_gmt":"2019-09-20T15:54:13","slug":"continua-abierta-la-matricula-en-el-aula-de-adultos-de-maguez","status":"publish","type":"post","link":"https:\/\/www.ayuntamientodeharia.com\/haria\/continua-abierta-la-matricula-en-el-aula-de-adultos-de-maguez\/","title":{"rendered":"Contin\u00faa abierta la matr\u00edcula en el Aula de Adultos de M\u00e1guez"},"content":{"rendered":"<p><img decoding=\"async\" class=\"alignleft size-thumbnail wp-image-9943\" src=\"https:\/\/www.ayuntamientodeharia.com\/haria\/wp-content\/uploads\/2017\/07\/libros-150x150.jpg\" alt=\"\" width=\"150\" height=\"150\" \/>El CEPA Titerroygatra, en colaboraci\u00f3n con la Concejal\u00eda de Educaci\u00f3n del Ayuntamiento de Har\u00eda, coordinada por Famara Gonz\u00e1lez, comunica que se encuentra abierta la matr\u00edcula durante todo el mes de septiembre para cursar los estudios de Grado en Ense\u00f1anza Secundaria, Alfabetizaci\u00f3n y Cursos de Ingl\u00e9s (That\u00b4s English).<\/p>\n<p><!--more--><\/p>\n<p>&nbsp;<\/p>\n<p>M\u00e1s informaci\u00f3n y matr\u00edcula en el Aula de Adultos, sito en la calle Los Llanos N\u00ba 1 de M\u00e1guez, los lunes, martes y mi\u00e9rcoles, de 18:00 a 21:00 horas, y en el Departamento de Educaci\u00f3n del Consistorio norte\u00f1o, de lunes a viernes, de 9:00 a 14:00 horas.<\/p>\n<p>&nbsp;<\/p>\n","protected":false},"excerpt":{"rendered":"<p>El CEPA Titerroygatra, en colaboraci\u00f3n con la Concejal\u00eda de Educaci\u00f3n del Ayuntamiento de Har\u00eda, coordinada por Famara Gonz\u00e1lez, comunica que se encuentra abierta la matr\u00edcula durante todo el mes de septiembre para cursar los estudios de Grado en Ense\u00f1anza Secundaria, Alfabetizaci\u00f3n y Cursos de Ingl\u00e9s (That\u00b4s English).<\/p>\n","protected":false},"author":7,"featured_media":0,"comment_status":"closed","ping_status":"closed","sticky":false,"template":"","format":"standard","meta":{"footnotes":""},"categories":[19,11,81],"tags":[],"class_list":["post-16820","post","type-post","status-publish","format-standard","hentry","category-formacion","category-hoja-de-haria","category-municipio"],"_links":{"self":[{"href":"https:\/\/www.ayuntamientodeharia.com\/haria\/wp-json\/wp\/v2\/posts\/16820","targetHints":{"allow":["GET"]}}],"collection":[{"href":"https:\/\/www.ayuntamientodeharia.com\/haria\/wp-json\/wp\/v2\/posts"}],"about":[{"href":"https:\/\/www.ayuntamientodeharia.com\/haria\/wp-json\/wp\/v2\/types\/post"}],"author":[{"embeddable":true,"href":"https:\/\/www.ayuntamientodeharia.com\/haria\/wp-json\/wp\/v2\/users\/7"}],"replies":[{"embeddable":true,"href":"https:\/\/www.ayuntamientodeharia.com\/haria\/wp-json\/wp\/v2\/comments?post=16820"}],"version-history":[{"count":1,"href":"https:\/\/www.ayuntamientodeharia.com\/haria\/wp-json\/wp\/v2\/posts\/16820\/revisions"}],"predecessor-version":[{"id":16821,"href":"https:\/\/www.ayuntamientodeharia.com\/haria\/wp-json\/wp\/v2\/posts\/16820\/revisions\/16821"}],"wp:attachment":[{"href":"https:\/\/www.ayuntamientodeharia.com\/haria\/wp-json\/wp\/v2\/media?parent=16820"}],"wp:term":[{"taxonomy":"category","embeddable":true,"href":"https:\/\/www.ayuntamientodeharia.com\/haria\/wp-json\/wp\/v2\/categories?post=16820"},{"taxonomy":"post_tag","embeddable":true,"href":"https:\/\/www.ayuntamientodeharia.com\/haria\/wp-json\/wp\/v2\/tags?post=16820"}],"curies":[{"name":"wp","href":"https:\/\/api.w.org\/{rel}","templated":true}]}}