{"id":16815,"date":"2019-09-20T15:50:54","date_gmt":"2019-09-20T15:50:54","guid":{"rendered":"https:\/\/www.ayuntamientodeharia.com\/haria\/?p=16815"},"modified":"2019-09-20T15:50:54","modified_gmt":"2019-09-20T15:50:54","slug":"se-reanudan-las-clases-de-karate-para-los-mas-pequenos","status":"publish","type":"post","link":"https:\/\/www.ayuntamientodeharia.com\/haria\/se-reanudan-las-clases-de-karate-para-los-mas-pequenos\/","title":{"rendered":"Se reanudan las clases de K\u00e1rate para los m\u00e1s peque\u00f1os"},"content":{"rendered":"<p><img decoding=\"async\" class=\"alignleft size-thumbnail wp-image-9688\" src=\"https:\/\/www.ayuntamientodeharia.com\/haria\/wp-content\/uploads\/2017\/06\/0689-escuela-karate-150x150.jpg\" alt=\"\" width=\"150\" height=\"150\" \/>El Club Deportivo K\u00e1rate Seito de Har\u00eda de la Escuela Municipal de K\u00e1rate, dependiente de la Concejal\u00eda de Deportes, que coordina Celestino Socas, inicia las clases para los ni\u00f1os de 5 a 12 a\u00f1os el 2 de octubre.<\/p>\n<p><!--more--><\/p>\n<p>&nbsp;<\/p>\n<p>Las clases se impartir\u00e1n los lunes y mi\u00e9rcoles, de 17:00 a 18:00 horas, para los ni\u00f1os de 5 a 8 a\u00f1os, y de 18:00 a 19:00 horas, para los que tengan edades comprendidas entre los 9 y los 12 a\u00f1os.<\/p>\n<p>&nbsp;<\/p>\n<p>M\u00e1s informaci\u00f3n en la sede de la Escuela Municipal de K\u00e1rate, sita en la calle San Pedro 5 de M\u00e1guez, o llamando al departamento de Deportes, de lunes a viernes, en horario de oficina.<\/p>\n","protected":false},"excerpt":{"rendered":"<p>El Club Deportivo K\u00e1rate Seito de Har\u00eda de la Escuela Municipal de K\u00e1rate, dependiente de la Concejal\u00eda de Deportes, que coordina Celestino Socas, inicia las clases para los ni\u00f1os de 5 a 12 a\u00f1os el 2 de octubre.<\/p>\n","protected":false},"author":7,"featured_media":0,"comment_status":"closed","ping_status":"closed","sticky":false,"template":"","format":"standard","meta":{"footnotes":""},"categories":[17,11],"tags":[],"class_list":["post-16815","post","type-post","status-publish","format-standard","hentry","category-deportes","category-hoja-de-haria"],"_links":{"self":[{"href":"https:\/\/www.ayuntamientodeharia.com\/haria\/wp-json\/wp\/v2\/posts\/16815","targetHints":{"allow":["GET"]}}],"collection":[{"href":"https:\/\/www.ayuntamientodeharia.com\/haria\/wp-json\/wp\/v2\/posts"}],"about":[{"href":"https:\/\/www.ayuntamientodeharia.com\/haria\/wp-json\/wp\/v2\/types\/post"}],"author":[{"embeddable":true,"href":"https:\/\/www.ayuntamientodeharia.com\/haria\/wp-json\/wp\/v2\/users\/7"}],"replies":[{"embeddable":true,"href":"https:\/\/www.ayuntamientodeharia.com\/haria\/wp-json\/wp\/v2\/comments?post=16815"}],"version-history":[{"count":1,"href":"https:\/\/www.ayuntamientodeharia.com\/haria\/wp-json\/wp\/v2\/posts\/16815\/revisions"}],"predecessor-version":[{"id":16816,"href":"https:\/\/www.ayuntamientodeharia.com\/haria\/wp-json\/wp\/v2\/posts\/16815\/revisions\/16816"}],"wp:attachment":[{"href":"https:\/\/www.ayuntamientodeharia.com\/haria\/wp-json\/wp\/v2\/media?parent=16815"}],"wp:term":[{"taxonomy":"category","embeddable":true,"href":"https:\/\/www.ayuntamientodeharia.com\/haria\/wp-json\/wp\/v2\/categories?post=16815"},{"taxonomy":"post_tag","embeddable":true,"href":"https:\/\/www.ayuntamientodeharia.com\/haria\/wp-json\/wp\/v2\/tags?post=16815"}],"curies":[{"name":"wp","href":"https:\/\/api.w.org\/{rel}","templated":true}]}}