{"id":16813,"date":"2019-09-20T15:48:39","date_gmt":"2019-09-20T15:48:39","guid":{"rendered":"https:\/\/www.ayuntamientodeharia.com\/haria\/?p=16813"},"modified":"2019-09-20T15:48:39","modified_gmt":"2019-09-20T15:48:39","slug":"la-asociacion-de-vecinos-volcan-de-la-corona-de-ye-convoca-elecciones","status":"publish","type":"post","link":"https:\/\/www.ayuntamientodeharia.com\/haria\/la-asociacion-de-vecinos-volcan-de-la-corona-de-ye-convoca-elecciones\/","title":{"rendered":"La asociaci\u00f3n de vecinos Volc\u00e1n de La Corona de Ye convoca elecciones"},"content":{"rendered":"<p><img decoding=\"async\" class=\"alignleft size-thumbnail wp-image-12550\" src=\"https:\/\/www.ayuntamientodeharia.com\/haria\/wp-content\/uploads\/2018\/05\/Jornadas-Patrimonio-Cultural-4-150x150.jpg\" alt=\"\" width=\"150\" height=\"150\" \/>El presidente de la asociaci\u00f3n de vecinos Volc\u00e1n de La Corona de Ye informa a los vecinos de que este s\u00e1bado, 21 de septiembre, a las 19:00 horas, finalizar\u00e1 el per\u00edodo de inscripci\u00f3n de los socios; el 26 de septiembre, a las 19:00 horas, finalizar\u00e1 la presentaci\u00f3n de las candidaturas a la presidencia, y el 29 de septiembre, de 16:00 a 19:00 horas, se realizar\u00e1 la elecci\u00f3n del presidente.<\/p>\n","protected":false},"excerpt":{"rendered":"<p>El presidente de la asociaci\u00f3n de vecinos Volc\u00e1n de La Corona de Ye informa a los vecinos de que este s\u00e1bado, 21 de septiembre, a las 19:00 horas, finalizar\u00e1 el per\u00edodo de inscripci\u00f3n de los socios; el 26 de septiembre, a las 19:00 horas, finalizar\u00e1 la presentaci\u00f3n de las candidaturas a la presidencia, y el [&hellip;]<\/p>\n","protected":false},"author":7,"featured_media":0,"comment_status":"closed","ping_status":"closed","sticky":false,"template":"","format":"standard","meta":{"footnotes":""},"categories":[11,81],"tags":[],"class_list":["post-16813","post","type-post","status-publish","format-standard","hentry","category-hoja-de-haria","category-municipio"],"_links":{"self":[{"href":"https:\/\/www.ayuntamientodeharia.com\/haria\/wp-json\/wp\/v2\/posts\/16813","targetHints":{"allow":["GET"]}}],"collection":[{"href":"https:\/\/www.ayuntamientodeharia.com\/haria\/wp-json\/wp\/v2\/posts"}],"about":[{"href":"https:\/\/www.ayuntamientodeharia.com\/haria\/wp-json\/wp\/v2\/types\/post"}],"author":[{"embeddable":true,"href":"https:\/\/www.ayuntamientodeharia.com\/haria\/wp-json\/wp\/v2\/users\/7"}],"replies":[{"embeddable":true,"href":"https:\/\/www.ayuntamientodeharia.com\/haria\/wp-json\/wp\/v2\/comments?post=16813"}],"version-history":[{"count":1,"href":"https:\/\/www.ayuntamientodeharia.com\/haria\/wp-json\/wp\/v2\/posts\/16813\/revisions"}],"predecessor-version":[{"id":16814,"href":"https:\/\/www.ayuntamientodeharia.com\/haria\/wp-json\/wp\/v2\/posts\/16813\/revisions\/16814"}],"wp:attachment":[{"href":"https:\/\/www.ayuntamientodeharia.com\/haria\/wp-json\/wp\/v2\/media?parent=16813"}],"wp:term":[{"taxonomy":"category","embeddable":true,"href":"https:\/\/www.ayuntamientodeharia.com\/haria\/wp-json\/wp\/v2\/categories?post=16813"},{"taxonomy":"post_tag","embeddable":true,"href":"https:\/\/www.ayuntamientodeharia.com\/haria\/wp-json\/wp\/v2\/tags?post=16813"}],"curies":[{"name":"wp","href":"https:\/\/api.w.org\/{rel}","templated":true}]}}