{"id":16810,"date":"2019-09-20T15:46:51","date_gmt":"2019-09-20T15:46:51","guid":{"rendered":"https:\/\/www.ayuntamientodeharia.com\/haria\/?p=16810"},"modified":"2019-09-20T15:46:51","modified_gmt":"2019-09-20T15:46:51","slug":"fiestas-de-nuestra-senora-de-las-mercedes-mala-2019","status":"publish","type":"post","link":"https:\/\/www.ayuntamientodeharia.com\/haria\/fiestas-de-nuestra-senora-de-las-mercedes-mala-2019\/","title":{"rendered":"Fiestas de Nuestra Se\u00f1ora de Las Mercedes \u2013 Mala 2019"},"content":{"rendered":"<p><strong>Viernes 20 de septiembre <\/strong><\/p>\n<p>&nbsp;<\/p>\n<p>21:00h.- Play Back de adultos.<\/p>\n<p>23:00h.- Concierto del grupo Sin Cobertura.<\/p>\n<p><!--more--><\/p>\n<p>&nbsp;<\/p>\n<p><strong>S\u00e1bado 21 de septiembre<\/strong><\/p>\n<p>&nbsp;<\/p>\n<p>11:00h.- Taller de Yoga Infantil.<\/p>\n<p>19:30h.- Romer\u00eda en honor a Nuestra Se\u00f1ora de Las Mercedes. A continuaci\u00f3n Baile del Romero amenizado por las parrandas Ra\u00edces y Los Salineros de La Hoya.<\/p>\n<p>&nbsp;<\/p>\n<p><strong>\u00a0Domingo 22 de septiembre\u00a0 <\/strong><\/p>\n<p>&nbsp;<\/p>\n<p>11:00h.- Taller infantil a cargo de la asociaci\u00f3n VivHar\u00eda.<\/p>\n<p>11:15h.- Taller de Pilates para adultos.<\/p>\n<p>18:00h.- Bingo Sorpresa.<\/p>\n<p>&nbsp;<\/p>\n<p><strong>Lunes 23 de septiembre\u00a0 <\/strong><\/p>\n<p>&nbsp;<\/p>\n<p>19:00h.- Sorteo y comienzo de los Campeonatos de Chinch\u00f3n y Truco.<\/p>\n<p>&nbsp;<\/p>\n<p><strong>Martes 24 de septiembre <\/strong><\/p>\n<p>&nbsp;<\/p>\n<p>19:00h.- Misa y Procesi\u00f3n<\/p>\n<p>20:30h.-Teatro a cargo de SomoS Grupo Teatral con la obra \u2018Las P\u00e9rez Garc\u00eda\u2019. A continuaci\u00f3n, fuegos artificiales.<\/p>\n<p>&nbsp;<\/p>\n<p><strong>Mi\u00e9rcoles 25 de septiembre <\/strong><\/p>\n<p>&nbsp;<\/p>\n<p>19:30h.- Sorteo y comienzo del Campeonato Mixto de Bola.<\/p>\n<p>19:30h.- Master Class de Zumba.<\/p>\n<p>&nbsp;<\/p>\n<p><strong>Jueves 26 de septiembre<\/strong><\/p>\n<p>&nbsp;<\/p>\n<p>18:30h.- Concurso de Postres y S\u00e1ndwiches.<\/p>\n<p>20:30h.- Pase de modelos Top Queen con la actuaci\u00f3n de Lanzarote Baila.<\/p>\n<p>&nbsp;<\/p>\n<p><strong>Viernes 27 de septiembre <\/strong><\/p>\n<p>&nbsp;<\/p>\n<p>19:00h.- Sorteo y comienzo del Campeonato de Ronda.<\/p>\n<p>21:00h.- Play Back Infantil y Juvenil.<\/p>\n<p>&nbsp;<\/p>\n<p><strong>S\u00e1bado 28 de septiembre<\/strong><\/p>\n<p>&nbsp;<\/p>\n<p>11:00h.- Juegos Infantiles.<\/p>\n<p>20:00h.- Maridaje de vinos y quesos.<\/p>\n<p>23:00h.- Verbena Popular amenizada por los grupos Coraz\u00f3n Latino y Los Conejeros.<\/p>\n<p>&nbsp;<\/p>\n<p><strong>Domingo 29 de septiembre <\/strong><\/p>\n<p>&nbsp;<\/p>\n<p>12:30h.- D\u00eda en familia: Colchonetas de agua (llevar ropa de ba\u00f1o), juegos, rifas y m\u00fasica en directo con Nany Jim\u00e9nez y Yoriell y Mayelin, en la cancha de f\u00fatbol.<\/p>\n","protected":false},"excerpt":{"rendered":"<p>Viernes 20 de septiembre &nbsp; 21:00h.- Play Back de adultos. 23:00h.- Concierto del grupo Sin Cobertura.<\/p>\n","protected":false},"author":7,"featured_media":16811,"comment_status":"closed","ping_status":"closed","sticky":false,"template":"","format":"standard","meta":{"footnotes":""},"categories":[15,11],"tags":[],"class_list":["post-16810","post","type-post","status-publish","format-standard","has-post-thumbnail","hentry","category-festejos","category-hoja-de-haria"],"_links":{"self":[{"href":"https:\/\/www.ayuntamientodeharia.com\/haria\/wp-json\/wp\/v2\/posts\/16810","targetHints":{"allow":["GET"]}}],"collection":[{"href":"https:\/\/www.ayuntamientodeharia.com\/haria\/wp-json\/wp\/v2\/posts"}],"about":[{"href":"https:\/\/www.ayuntamientodeharia.com\/haria\/wp-json\/wp\/v2\/types\/post"}],"author":[{"embeddable":true,"href":"https:\/\/www.ayuntamientodeharia.com\/haria\/wp-json\/wp\/v2\/users\/7"}],"replies":[{"embeddable":true,"href":"https:\/\/www.ayuntamientodeharia.com\/haria\/wp-json\/wp\/v2\/comments?post=16810"}],"version-history":[{"count":1,"href":"https:\/\/www.ayuntamientodeharia.com\/haria\/wp-json\/wp\/v2\/posts\/16810\/revisions"}],"predecessor-version":[{"id":16812,"href":"https:\/\/www.ayuntamientodeharia.com\/haria\/wp-json\/wp\/v2\/posts\/16810\/revisions\/16812"}],"wp:featuredmedia":[{"embeddable":true,"href":"https:\/\/www.ayuntamientodeharia.com\/haria\/wp-json\/wp\/v2\/media\/16811"}],"wp:attachment":[{"href":"https:\/\/www.ayuntamientodeharia.com\/haria\/wp-json\/wp\/v2\/media?parent=16810"}],"wp:term":[{"taxonomy":"category","embeddable":true,"href":"https:\/\/www.ayuntamientodeharia.com\/haria\/wp-json\/wp\/v2\/categories?post=16810"},{"taxonomy":"post_tag","embeddable":true,"href":"https:\/\/www.ayuntamientodeharia.com\/haria\/wp-json\/wp\/v2\/tags?post=16810"}],"curies":[{"name":"wp","href":"https:\/\/api.w.org\/{rel}","templated":true}]}}