{"id":16783,"date":"2019-09-13T14:12:04","date_gmt":"2019-09-13T14:12:04","guid":{"rendered":"https:\/\/www.ayuntamientodeharia.com\/haria\/?p=16783"},"modified":"2019-09-13T14:12:04","modified_gmt":"2019-09-13T14:12:04","slug":"cortes-de-suministro-electrico-en-arrieta","status":"publish","type":"post","link":"https:\/\/www.ayuntamientodeharia.com\/haria\/cortes-de-suministro-electrico-en-arrieta\/","title":{"rendered":"Cortes de suministro el\u00e9ctrico en Arrieta"},"content":{"rendered":"<p>La compa\u00f1\u00eda Endesa informa de que el mi\u00e9rcoles 18 de septiembre, de 08:00 a 11:00 horas, se interrumpir\u00e1 el suministro de energ\u00eda el\u00e9ctrica en Arrieta debido a trabajos de mantenimiento y mejora en la red de distribuci\u00f3n.<\/p>\n","protected":false},"excerpt":{"rendered":"<p>La compa\u00f1\u00eda Endesa informa de que el mi\u00e9rcoles 18 de septiembre, de 08:00 a 11:00 horas, se interrumpir\u00e1 el suministro de energ\u00eda el\u00e9ctrica en Arrieta debido a trabajos de mantenimiento y mejora en la red de distribuci\u00f3n.<\/p>\n","protected":false},"author":7,"featured_media":0,"comment_status":"closed","ping_status":"closed","sticky":false,"template":"","format":"standard","meta":{"footnotes":""},"categories":[32,11,81],"tags":[],"class_list":["post-16783","post","type-post","status-publish","format-standard","hentry","category-anuncios","category-hoja-de-haria","category-municipio"],"_links":{"self":[{"href":"https:\/\/www.ayuntamientodeharia.com\/haria\/wp-json\/wp\/v2\/posts\/16783","targetHints":{"allow":["GET"]}}],"collection":[{"href":"https:\/\/www.ayuntamientodeharia.com\/haria\/wp-json\/wp\/v2\/posts"}],"about":[{"href":"https:\/\/www.ayuntamientodeharia.com\/haria\/wp-json\/wp\/v2\/types\/post"}],"author":[{"embeddable":true,"href":"https:\/\/www.ayuntamientodeharia.com\/haria\/wp-json\/wp\/v2\/users\/7"}],"replies":[{"embeddable":true,"href":"https:\/\/www.ayuntamientodeharia.com\/haria\/wp-json\/wp\/v2\/comments?post=16783"}],"version-history":[{"count":1,"href":"https:\/\/www.ayuntamientodeharia.com\/haria\/wp-json\/wp\/v2\/posts\/16783\/revisions"}],"predecessor-version":[{"id":16784,"href":"https:\/\/www.ayuntamientodeharia.com\/haria\/wp-json\/wp\/v2\/posts\/16783\/revisions\/16784"}],"wp:attachment":[{"href":"https:\/\/www.ayuntamientodeharia.com\/haria\/wp-json\/wp\/v2\/media?parent=16783"}],"wp:term":[{"taxonomy":"category","embeddable":true,"href":"https:\/\/www.ayuntamientodeharia.com\/haria\/wp-json\/wp\/v2\/categories?post=16783"},{"taxonomy":"post_tag","embeddable":true,"href":"https:\/\/www.ayuntamientodeharia.com\/haria\/wp-json\/wp\/v2\/tags?post=16783"}],"curies":[{"name":"wp","href":"https:\/\/api.w.org\/{rel}","templated":true}]}}