{"id":16780,"date":"2019-09-13T14:11:23","date_gmt":"2019-09-13T14:11:23","guid":{"rendered":"https:\/\/www.ayuntamientodeharia.com\/haria\/?p=16780"},"modified":"2019-09-13T14:11:23","modified_gmt":"2019-09-13T14:11:23","slug":"reunion-de-los-socios-del-centro-democratico-de-maguez","status":"publish","type":"post","link":"https:\/\/www.ayuntamientodeharia.com\/haria\/reunion-de-los-socios-del-centro-democratico-de-maguez\/","title":{"rendered":"Reuni\u00f3n de los socios del Centro Democr\u00e1tico de M\u00e1guez"},"content":{"rendered":"<p><img decoding=\"async\" class=\"alignleft size-thumbnail wp-image-16781\" src=\"https:\/\/www.ayuntamientodeharia.com\/haria\/wp-content\/uploads\/2019\/09\/centro-m\u00e1guez-150x150.jpg\" alt=\"\" width=\"150\" height=\"150\" \/>La presidenta del Centro Democr\u00e1tico de M\u00e1guez convoca a los socios a una reuni\u00f3n el mi\u00e9rcoles 18 de septiembre, a las 18:00 horas, en los salones del Centro.<\/p>\n<p><!--more--><\/p>\n<p>&nbsp;<\/p>\n<p>Durante el transcurso de la reuni\u00f3n se informar\u00e1 a los presentes sobre la apertura del proceso electoral para la elecci\u00f3n de nueva directiva.<\/p>\n","protected":false},"excerpt":{"rendered":"<p>La presidenta del Centro Democr\u00e1tico de M\u00e1guez convoca a los socios a una reuni\u00f3n el mi\u00e9rcoles 18 de septiembre, a las 18:00 horas, en los salones del Centro.<\/p>\n","protected":false},"author":7,"featured_media":0,"comment_status":"closed","ping_status":"closed","sticky":false,"template":"","format":"standard","meta":{"footnotes":""},"categories":[11,81],"tags":[],"class_list":["post-16780","post","type-post","status-publish","format-standard","hentry","category-hoja-de-haria","category-municipio"],"_links":{"self":[{"href":"https:\/\/www.ayuntamientodeharia.com\/haria\/wp-json\/wp\/v2\/posts\/16780","targetHints":{"allow":["GET"]}}],"collection":[{"href":"https:\/\/www.ayuntamientodeharia.com\/haria\/wp-json\/wp\/v2\/posts"}],"about":[{"href":"https:\/\/www.ayuntamientodeharia.com\/haria\/wp-json\/wp\/v2\/types\/post"}],"author":[{"embeddable":true,"href":"https:\/\/www.ayuntamientodeharia.com\/haria\/wp-json\/wp\/v2\/users\/7"}],"replies":[{"embeddable":true,"href":"https:\/\/www.ayuntamientodeharia.com\/haria\/wp-json\/wp\/v2\/comments?post=16780"}],"version-history":[{"count":1,"href":"https:\/\/www.ayuntamientodeharia.com\/haria\/wp-json\/wp\/v2\/posts\/16780\/revisions"}],"predecessor-version":[{"id":16782,"href":"https:\/\/www.ayuntamientodeharia.com\/haria\/wp-json\/wp\/v2\/posts\/16780\/revisions\/16782"}],"wp:attachment":[{"href":"https:\/\/www.ayuntamientodeharia.com\/haria\/wp-json\/wp\/v2\/media?parent=16780"}],"wp:term":[{"taxonomy":"category","embeddable":true,"href":"https:\/\/www.ayuntamientodeharia.com\/haria\/wp-json\/wp\/v2\/categories?post=16780"},{"taxonomy":"post_tag","embeddable":true,"href":"https:\/\/www.ayuntamientodeharia.com\/haria\/wp-json\/wp\/v2\/tags?post=16780"}],"curies":[{"name":"wp","href":"https:\/\/api.w.org\/{rel}","templated":true}]}}