{"id":16772,"date":"2019-09-13T14:04:12","date_gmt":"2019-09-13T14:04:12","guid":{"rendered":"https:\/\/www.ayuntamientodeharia.com\/haria\/?p=16772"},"modified":"2019-09-13T14:04:12","modified_gmt":"2019-09-13T14:04:12","slug":"agradecimiento-por-la-organizacion-de-las-fiestas-de-punta-mujeres","status":"publish","type":"post","link":"https:\/\/www.ayuntamientodeharia.com\/haria\/agradecimiento-por-la-organizacion-de-las-fiestas-de-punta-mujeres\/","title":{"rendered":"Agradecimiento por la organizaci\u00f3n de las Fiestas de Punta Mujeres"},"content":{"rendered":"<p><img decoding=\"async\" class=\"alignleft size-thumbnail wp-image-16740\" src=\"https:\/\/www.ayuntamientodeharia.com\/haria\/wp-content\/uploads\/2019\/09\/Fiestas-Punta-Mujeres19-3-150x150.jpeg\" alt=\"\" width=\"150\" height=\"150\" \/>La concejala de Festejos, Soraya Brito, quiere dar las gracias\u00a0a la Comisi\u00f3n de Fiestas de Punta Mujeres, al grupo Acuerdos en particular y en especial a Noelia, por ser el motor de todos.<\/p>\n<p><!--more--><\/p>\n<p>&nbsp;<\/p>\n<p>Gracias a\u00a0todos los que han contribuido con su granito de arena; sin su ayuda las fiestas no ser\u00edan lo mismo.<\/p>\n<p>&nbsp;<\/p>\n<p>Con el di\u00e1logo y la implicaci\u00f3n todo es m\u00e1s sencillo; el a\u00f1o que viene seguiremos trabajando juntos sin perder la ilusi\u00f3n y las ganas, en honor a la Virgen del Pino.<\/p>\n","protected":false},"excerpt":{"rendered":"<p>La concejala de Festejos, Soraya Brito, quiere dar las gracias\u00a0a la Comisi\u00f3n de Fiestas de Punta Mujeres, al grupo Acuerdos en particular y en especial a Noelia, por ser el motor de todos.<\/p>\n","protected":false},"author":7,"featured_media":0,"comment_status":"closed","ping_status":"closed","sticky":false,"template":"","format":"standard","meta":{"footnotes":""},"categories":[15,11],"tags":[],"class_list":["post-16772","post","type-post","status-publish","format-standard","hentry","category-festejos","category-hoja-de-haria"],"_links":{"self":[{"href":"https:\/\/www.ayuntamientodeharia.com\/haria\/wp-json\/wp\/v2\/posts\/16772","targetHints":{"allow":["GET"]}}],"collection":[{"href":"https:\/\/www.ayuntamientodeharia.com\/haria\/wp-json\/wp\/v2\/posts"}],"about":[{"href":"https:\/\/www.ayuntamientodeharia.com\/haria\/wp-json\/wp\/v2\/types\/post"}],"author":[{"embeddable":true,"href":"https:\/\/www.ayuntamientodeharia.com\/haria\/wp-json\/wp\/v2\/users\/7"}],"replies":[{"embeddable":true,"href":"https:\/\/www.ayuntamientodeharia.com\/haria\/wp-json\/wp\/v2\/comments?post=16772"}],"version-history":[{"count":1,"href":"https:\/\/www.ayuntamientodeharia.com\/haria\/wp-json\/wp\/v2\/posts\/16772\/revisions"}],"predecessor-version":[{"id":16773,"href":"https:\/\/www.ayuntamientodeharia.com\/haria\/wp-json\/wp\/v2\/posts\/16772\/revisions\/16773"}],"wp:attachment":[{"href":"https:\/\/www.ayuntamientodeharia.com\/haria\/wp-json\/wp\/v2\/media?parent=16772"}],"wp:term":[{"taxonomy":"category","embeddable":true,"href":"https:\/\/www.ayuntamientodeharia.com\/haria\/wp-json\/wp\/v2\/categories?post=16772"},{"taxonomy":"post_tag","embeddable":true,"href":"https:\/\/www.ayuntamientodeharia.com\/haria\/wp-json\/wp\/v2\/tags?post=16772"}],"curies":[{"name":"wp","href":"https:\/\/api.w.org\/{rel}","templated":true}]}}