{"id":1672,"date":"2015-06-05T10:08:24","date_gmt":"2015-06-05T10:08:24","guid":{"rendered":"http:\/\/www.ayuntamientodeharia.com\/haria\/?p=1672"},"modified":"2015-06-05T10:08:24","modified_gmt":"2015-06-05T10:08:24","slug":"haria-acogera-el-espectaculo-musical-taburiente-40-anos-y-mas","status":"publish","type":"post","link":"https:\/\/www.ayuntamientodeharia.com\/haria\/haria-acogera-el-espectaculo-musical-taburiente-40-anos-y-mas\/","title":{"rendered":"Har\u00eda acoger\u00e1 el espect\u00e1culo musical \u2018Taburiente, 40 a\u00f1os y m\u00e1s\u2019"},"content":{"rendered":"<h6><strong>La actuaci\u00f3n tendr\u00e1 lugar el s\u00e1bado, 13 de junio, a las 21:00 horas, en la Plaza de Har\u00eda<\/strong><\/h6>\n<p>&nbsp;<\/p>\n<p><a href=\"http:\/\/www.ayuntamientodeharia.com\/haria\/wp-content\/uploads\/2015\/06\/Cartel-Taburiente-Har\u00eda.jpg\"><img fetchpriority=\"high\" decoding=\"async\" class=\"alignleft  wp-image-1639\" src=\"http:\/\/www.ayuntamientodeharia.com\/haria\/wp-content\/uploads\/2015\/06\/Cartel-Taburiente-Har\u00eda-214x300.jpg\" alt=\"Cartel Taburiente Har\u00eda\" width=\"192\" height=\"265\" \/><\/a>El grupo palmero Taburiente celebra su cuarenta aniversario con un extraordinario espect\u00e1culo musical con el que recorrer\u00e1n toda Canarias ofreciendo a sus seguidores la posibilidad de volver a disfrutar de las composiciones m\u00e1s conocidas y populares del grupo. As\u00ed, Taburiente actuar\u00e1 el s\u00e1bado, 13 de junio, a las 21:00 horas, en la Plaza de Har\u00eda, dentro de los actos programados por el Consistorio norte\u00f1o con motivo de la celebraci\u00f3n de las fiestas patronales de San Juan Bautista.<\/p>\n<p>&nbsp;<\/p>\n<p>El grupo Taburiente, formado en 1974 por Luis Morera, Miguel P\u00e9rez y Manolo P\u00e9rez, revolucion\u00f3 el panorama musical de las Islas mediante la fusi\u00f3n del folclore canario con el jazz, el reggae o la m\u00fasica cubana. Cuarenta a\u00f1os despu\u00e9s, siguen manteniendo la misma esencia musical que los diferencia del resto de grupos canarios. A principio de la d\u00e9cada de 1980 se convierten en los principales exponentes de la canci\u00f3n protesta y de autor de Canarias al estar su m\u00fasica vinculada con los movimientos sociales.<\/p>\n<p><!--more--><\/p>\n<p>En esa misma \u00e9poca abandona el grupo Manolo P\u00e9rez y se incorporan Luisa Machado y Alberto M\u00e9ndez, quienes forman parte del grupo hasta mitad de la d\u00e9cada de 1990. A\u00f1os m\u00e1s tarde se incorpora Eduardo Mart\u00edn. La contrastada calidad musical y la fidelidad a una trayectoria de integraci\u00f3n de la m\u00fasica canaria en el concierto de las m\u00fasicas contempor\u00e1neas le hacen merecedor de la Medalla de Oro de Canarias en el a\u00f1o 2001.<\/p>\n<p>&nbsp;<\/p>\n<p>Pero quiz\u00e1s el mayor reconocimiento que ha recibido el grupo en los cuarentas a\u00f1os de permanencia en los escenarios es el aplauso del p\u00fablico que, generaci\u00f3n tras generaci\u00f3n, sigue identific\u00e1ndose con las letras de sus canciones y la melod\u00eda de su m\u00fasica.<\/p>\n","protected":false},"excerpt":{"rendered":"<p>La actuaci\u00f3n tendr\u00e1 lugar el s\u00e1bado, 13 de junio, a las 21:00 horas, en la Plaza de Har\u00eda &nbsp; El grupo palmero Taburiente celebra su cuarenta aniversario con un extraordinario espect\u00e1culo musical con el que recorrer\u00e1n toda Canarias ofreciendo a sus seguidores la posibilidad de volver a disfrutar de las composiciones m\u00e1s conocidas y populares [&hellip;]<\/p>\n","protected":false},"author":2,"featured_media":0,"comment_status":"closed","ping_status":"closed","sticky":false,"template":"","format":"standard","meta":{"footnotes":""},"categories":[16,15,11],"tags":[],"class_list":["post-1672","post","type-post","status-publish","format-standard","hentry","category-cultura","category-festejos","category-hoja-de-haria"],"_links":{"self":[{"href":"https:\/\/www.ayuntamientodeharia.com\/haria\/wp-json\/wp\/v2\/posts\/1672","targetHints":{"allow":["GET"]}}],"collection":[{"href":"https:\/\/www.ayuntamientodeharia.com\/haria\/wp-json\/wp\/v2\/posts"}],"about":[{"href":"https:\/\/www.ayuntamientodeharia.com\/haria\/wp-json\/wp\/v2\/types\/post"}],"author":[{"embeddable":true,"href":"https:\/\/www.ayuntamientodeharia.com\/haria\/wp-json\/wp\/v2\/users\/2"}],"replies":[{"embeddable":true,"href":"https:\/\/www.ayuntamientodeharia.com\/haria\/wp-json\/wp\/v2\/comments?post=1672"}],"version-history":[{"count":0,"href":"https:\/\/www.ayuntamientodeharia.com\/haria\/wp-json\/wp\/v2\/posts\/1672\/revisions"}],"wp:attachment":[{"href":"https:\/\/www.ayuntamientodeharia.com\/haria\/wp-json\/wp\/v2\/media?parent=1672"}],"wp:term":[{"taxonomy":"category","embeddable":true,"href":"https:\/\/www.ayuntamientodeharia.com\/haria\/wp-json\/wp\/v2\/categories?post=1672"},{"taxonomy":"post_tag","embeddable":true,"href":"https:\/\/www.ayuntamientodeharia.com\/haria\/wp-json\/wp\/v2\/tags?post=1672"}],"curies":[{"name":"wp","href":"https:\/\/api.w.org\/{rel}","templated":true}]}}