{"id":16713,"date":"2019-09-06T10:58:15","date_gmt":"2019-09-06T10:58:15","guid":{"rendered":"https:\/\/www.ayuntamientodeharia.com\/haria\/?p=16713"},"modified":"2019-09-06T10:58:15","modified_gmt":"2019-09-06T10:58:15","slug":"alfredo-villalba-traslada-a-los-diputados-socialistas-las-necesidades-del-municipio-de-haria","status":"publish","type":"post","link":"https:\/\/www.ayuntamientodeharia.com\/haria\/alfredo-villalba-traslada-a-los-diputados-socialistas-las-necesidades-del-municipio-de-haria\/","title":{"rendered":"Alfredo Villalba traslada a los diputados socialistas las necesidades del municipio de Har\u00eda"},"content":{"rendered":"<p>El alcalde de Har\u00eda,\u00a0Alfredo Villalba, se reuni\u00f3 con los parlamentarios regionales del PSOE Luc\u00eda Olga Tejera y Pedro Viera, dentro de la ronda de contactos que est\u00e1n manteniendo con los distintos municipios de la Isla.<\/p>\n<p><!--more--><\/p>\n<p>&nbsp;<\/p>\n<p>El primer edil norte\u00f1o, que estuvo acompa\u00f1ado por las concejalas Chaxiraxi Niz y Famara Gonz\u00e1lez, traslad\u00f3 a los diputados socialistas la realidad del municipio y las necesidades que presenta de cara a futuras inversiones que puedan ser recogidas en los Presupuestos Generales de la Comunidad Aut\u00f3noma de Canarias para el a\u00f1o 2020.<\/p>\n<p>&nbsp;<\/p>\n<p>Villalba incidi\u00f3 durante el encuentro en la necesidad de contar con mejores infraestructuras viarias, educativas, socioculturales y de otra \u00edndole en el norte de la Isla, con el objetivo de acercar al municipio a la realidad actual y satisfacer las demandas de los vecinos.<\/p>\n<p>&nbsp;<\/p>\n","protected":false},"excerpt":{"rendered":"<p>El alcalde de Har\u00eda,\u00a0Alfredo Villalba, se reuni\u00f3 con los parlamentarios regionales del PSOE Luc\u00eda Olga Tejera y Pedro Viera, dentro de la ronda de contactos que est\u00e1n manteniendo con los distintos municipios de la Isla.<\/p>\n","protected":false},"author":7,"featured_media":16714,"comment_status":"closed","ping_status":"closed","sticky":false,"template":"","format":"standard","meta":{"footnotes":""},"categories":[73,11],"tags":[],"class_list":["post-16713","post","type-post","status-publish","format-standard","has-post-thumbnail","hentry","category-alcaldia","category-hoja-de-haria"],"_links":{"self":[{"href":"https:\/\/www.ayuntamientodeharia.com\/haria\/wp-json\/wp\/v2\/posts\/16713","targetHints":{"allow":["GET"]}}],"collection":[{"href":"https:\/\/www.ayuntamientodeharia.com\/haria\/wp-json\/wp\/v2\/posts"}],"about":[{"href":"https:\/\/www.ayuntamientodeharia.com\/haria\/wp-json\/wp\/v2\/types\/post"}],"author":[{"embeddable":true,"href":"https:\/\/www.ayuntamientodeharia.com\/haria\/wp-json\/wp\/v2\/users\/7"}],"replies":[{"embeddable":true,"href":"https:\/\/www.ayuntamientodeharia.com\/haria\/wp-json\/wp\/v2\/comments?post=16713"}],"version-history":[{"count":1,"href":"https:\/\/www.ayuntamientodeharia.com\/haria\/wp-json\/wp\/v2\/posts\/16713\/revisions"}],"predecessor-version":[{"id":16715,"href":"https:\/\/www.ayuntamientodeharia.com\/haria\/wp-json\/wp\/v2\/posts\/16713\/revisions\/16715"}],"wp:featuredmedia":[{"embeddable":true,"href":"https:\/\/www.ayuntamientodeharia.com\/haria\/wp-json\/wp\/v2\/media\/16714"}],"wp:attachment":[{"href":"https:\/\/www.ayuntamientodeharia.com\/haria\/wp-json\/wp\/v2\/media?parent=16713"}],"wp:term":[{"taxonomy":"category","embeddable":true,"href":"https:\/\/www.ayuntamientodeharia.com\/haria\/wp-json\/wp\/v2\/categories?post=16713"},{"taxonomy":"post_tag","embeddable":true,"href":"https:\/\/www.ayuntamientodeharia.com\/haria\/wp-json\/wp\/v2\/tags?post=16713"}],"curies":[{"name":"wp","href":"https:\/\/api.w.org\/{rel}","templated":true}]}}