{"id":16710,"date":"2019-09-06T10:57:17","date_gmt":"2019-09-06T10:57:17","guid":{"rendered":"https:\/\/www.ayuntamientodeharia.com\/haria\/?p=16710"},"modified":"2019-09-06T10:57:17","modified_gmt":"2019-09-06T10:57:17","slug":"nuevo-servicio-de-fisioterapia-a-domicilio-para-los-mayores-dependientes","status":"publish","type":"post","link":"https:\/\/www.ayuntamientodeharia.com\/haria\/nuevo-servicio-de-fisioterapia-a-domicilio-para-los-mayores-dependientes\/","title":{"rendered":"Nuevo servicio de fisioterapia a domicilio para los mayores dependientes"},"content":{"rendered":"<p>Desde la Concejal\u00eda de Bienestar Social y Mayores, coordinada por Chaxiraxi Niz, se ha puesto en marcha un proyecto de mejora de la calidad de vida de las personas dependientes que tienen solicitado el Servicio de Ayuda a Domicilio.<\/p>\n<p><!--more--><\/p>\n<p>&nbsp;<\/p>\n<p>Dicho proyecto nace con el objetivo de favorecer la autonom\u00eda funcional de los mayores dependientes. Para ello un fisioterapeuta tratar\u00e1 en su domicilio a los mayores con tratamientos espec\u00edficos acorde a sus dolencias.<\/p>\n<p>&nbsp;<\/p>\n<p>\u201cA trav\u00e9s de este servicio, se pretende que los mayores logren mantener el mayor grado de movilidad e independencia posible\u201d, apunta la concejala del \u00e1rea, \u201clogrando as\u00ed mejorar su salud y su confianza en s\u00ed mismos\u201d.<\/p>\n","protected":false},"excerpt":{"rendered":"<p>Desde la Concejal\u00eda de Bienestar Social y Mayores, coordinada por Chaxiraxi Niz, se ha puesto en marcha un proyecto de mejora de la calidad de vida de las personas dependientes que tienen solicitado el Servicio de Ayuda a Domicilio.<\/p>\n","protected":false},"author":7,"featured_media":16711,"comment_status":"closed","ping_status":"closed","sticky":false,"template":"","format":"standard","meta":{"footnotes":""},"categories":[187,11,61],"tags":[],"class_list":["post-16710","post","type-post","status-publish","format-standard","has-post-thumbnail","hentry","category-bienestar-social","category-hoja-de-haria","category-tercera-edad"],"_links":{"self":[{"href":"https:\/\/www.ayuntamientodeharia.com\/haria\/wp-json\/wp\/v2\/posts\/16710","targetHints":{"allow":["GET"]}}],"collection":[{"href":"https:\/\/www.ayuntamientodeharia.com\/haria\/wp-json\/wp\/v2\/posts"}],"about":[{"href":"https:\/\/www.ayuntamientodeharia.com\/haria\/wp-json\/wp\/v2\/types\/post"}],"author":[{"embeddable":true,"href":"https:\/\/www.ayuntamientodeharia.com\/haria\/wp-json\/wp\/v2\/users\/7"}],"replies":[{"embeddable":true,"href":"https:\/\/www.ayuntamientodeharia.com\/haria\/wp-json\/wp\/v2\/comments?post=16710"}],"version-history":[{"count":1,"href":"https:\/\/www.ayuntamientodeharia.com\/haria\/wp-json\/wp\/v2\/posts\/16710\/revisions"}],"predecessor-version":[{"id":16712,"href":"https:\/\/www.ayuntamientodeharia.com\/haria\/wp-json\/wp\/v2\/posts\/16710\/revisions\/16712"}],"wp:featuredmedia":[{"embeddable":true,"href":"https:\/\/www.ayuntamientodeharia.com\/haria\/wp-json\/wp\/v2\/media\/16711"}],"wp:attachment":[{"href":"https:\/\/www.ayuntamientodeharia.com\/haria\/wp-json\/wp\/v2\/media?parent=16710"}],"wp:term":[{"taxonomy":"category","embeddable":true,"href":"https:\/\/www.ayuntamientodeharia.com\/haria\/wp-json\/wp\/v2\/categories?post=16710"},{"taxonomy":"post_tag","embeddable":true,"href":"https:\/\/www.ayuntamientodeharia.com\/haria\/wp-json\/wp\/v2\/tags?post=16710"}],"curies":[{"name":"wp","href":"https:\/\/api.w.org\/{rel}","templated":true}]}}