{"id":16703,"date":"2019-09-06T10:51:31","date_gmt":"2019-09-06T10:51:31","guid":{"rendered":"https:\/\/www.ayuntamientodeharia.com\/haria\/?p=16703"},"modified":"2019-09-06T10:51:31","modified_gmt":"2019-09-06T10:51:31","slug":"cierre-al-trafico-de-la-lz-10-por-el-rally-de-teguise","status":"publish","type":"post","link":"https:\/\/www.ayuntamientodeharia.com\/haria\/cierre-al-trafico-de-la-lz-10-por-el-rally-de-teguise\/","title":{"rendered":"Cierre al tr\u00e1fico de la LZ-10 por el Rally de Teguise"},"content":{"rendered":"<p><img decoding=\"async\" class=\"alignleft size-thumbnail wp-image-16704\" src=\"https:\/\/www.ayuntamientodeharia.com\/haria\/wp-content\/uploads\/2019\/09\/Rally-Teguise-150x150.jpg\" alt=\"\" width=\"150\" height=\"150\" \/>Desde la Concejal\u00eda de Polic\u00eda Local se comunica a los vecinos del municipio de Har\u00eda que con motivo de la celebraci\u00f3n del Rally Villa de Teguise, el s\u00e1bado 7 de septiembre se cerrar\u00e1 al tr\u00e1fico la LZ-10 (carretera que une Teguise y Har\u00eda por la monta\u00f1a). La v\u00eda permanecer\u00e1 cerrada al tr\u00e1fico desde las 18:00 horas hasta la finalizaci\u00f3n de la prueba.<\/p>\n","protected":false},"excerpt":{"rendered":"<p>Desde la Concejal\u00eda de Polic\u00eda Local se comunica a los vecinos del municipio de Har\u00eda que con motivo de la celebraci\u00f3n del Rally Villa de Teguise, el s\u00e1bado 7 de septiembre se cerrar\u00e1 al tr\u00e1fico la LZ-10 (carretera que une Teguise y Har\u00eda por la monta\u00f1a). La v\u00eda permanecer\u00e1 cerrada al tr\u00e1fico desde las 18:00 [&hellip;]<\/p>\n","protected":false},"author":7,"featured_media":0,"comment_status":"closed","ping_status":"closed","sticky":false,"template":"","format":"standard","meta":{"footnotes":""},"categories":[11,89],"tags":[],"class_list":["post-16703","post","type-post","status-publish","format-standard","hentry","category-hoja-de-haria","category-policia-local"],"_links":{"self":[{"href":"https:\/\/www.ayuntamientodeharia.com\/haria\/wp-json\/wp\/v2\/posts\/16703","targetHints":{"allow":["GET"]}}],"collection":[{"href":"https:\/\/www.ayuntamientodeharia.com\/haria\/wp-json\/wp\/v2\/posts"}],"about":[{"href":"https:\/\/www.ayuntamientodeharia.com\/haria\/wp-json\/wp\/v2\/types\/post"}],"author":[{"embeddable":true,"href":"https:\/\/www.ayuntamientodeharia.com\/haria\/wp-json\/wp\/v2\/users\/7"}],"replies":[{"embeddable":true,"href":"https:\/\/www.ayuntamientodeharia.com\/haria\/wp-json\/wp\/v2\/comments?post=16703"}],"version-history":[{"count":1,"href":"https:\/\/www.ayuntamientodeharia.com\/haria\/wp-json\/wp\/v2\/posts\/16703\/revisions"}],"predecessor-version":[{"id":16705,"href":"https:\/\/www.ayuntamientodeharia.com\/haria\/wp-json\/wp\/v2\/posts\/16703\/revisions\/16705"}],"wp:attachment":[{"href":"https:\/\/www.ayuntamientodeharia.com\/haria\/wp-json\/wp\/v2\/media?parent=16703"}],"wp:term":[{"taxonomy":"category","embeddable":true,"href":"https:\/\/www.ayuntamientodeharia.com\/haria\/wp-json\/wp\/v2\/categories?post=16703"},{"taxonomy":"post_tag","embeddable":true,"href":"https:\/\/www.ayuntamientodeharia.com\/haria\/wp-json\/wp\/v2\/tags?post=16703"}],"curies":[{"name":"wp","href":"https:\/\/api.w.org\/{rel}","templated":true}]}}