{"id":16699,"date":"2019-09-06T10:46:37","date_gmt":"2019-09-06T10:46:37","guid":{"rendered":"https:\/\/www.ayuntamientodeharia.com\/haria\/?p=16699"},"modified":"2019-09-06T10:46:37","modified_gmt":"2019-09-06T10:46:37","slug":"nueva-temporada-del-cd-karate-seito-de-haria","status":"publish","type":"post","link":"https:\/\/www.ayuntamientodeharia.com\/haria\/nueva-temporada-del-cd-karate-seito-de-haria\/","title":{"rendered":"Nueva temporada del CD Karate Seito de Har\u00eda"},"content":{"rendered":"<p><img decoding=\"async\" class=\"alignleft size-thumbnail wp-image-8438\" src=\"https:\/\/www.ayuntamientodeharia.com\/haria\/wp-content\/uploads\/2017\/03\/Alumnas-de-la-Escuela-Municipal-de-K\u00e1rate-150x150.jpg\" alt=\"\" width=\"150\" height=\"150\" \/>El CD Karate Seito inicia una nueva temporada en la Escuela Municipal de Karate de Har\u00eda, ubicada en Mala. Las clases para adultos comenzar\u00e1n el 9 de septiembre y las de los ni\u00f1os, el 2 de octubre.<\/p>\n<p><!--more--><\/p>\n<p>&nbsp;<\/p>\n<p>Las sesiones tendr\u00e1n los lunes y mi\u00e9rcoles, de 17:00 a 18:00 horas para ni\u00f1os de 5 a 8 a\u00f1os; de 18:00 a 19:00 para ni\u00f1os de 9 a 12 a\u00f1os; y a las 19:00 para adultos.<\/p>\n","protected":false},"excerpt":{"rendered":"<p>El CD Karate Seito inicia una nueva temporada en la Escuela Municipal de Karate de Har\u00eda, ubicada en Mala. Las clases para adultos comenzar\u00e1n el 9 de septiembre y las de los ni\u00f1os, el 2 de octubre.<\/p>\n","protected":false},"author":7,"featured_media":0,"comment_status":"closed","ping_status":"closed","sticky":false,"template":"","format":"standard","meta":{"footnotes":""},"categories":[17,11],"tags":[],"class_list":["post-16699","post","type-post","status-publish","format-standard","hentry","category-deportes","category-hoja-de-haria"],"_links":{"self":[{"href":"https:\/\/www.ayuntamientodeharia.com\/haria\/wp-json\/wp\/v2\/posts\/16699","targetHints":{"allow":["GET"]}}],"collection":[{"href":"https:\/\/www.ayuntamientodeharia.com\/haria\/wp-json\/wp\/v2\/posts"}],"about":[{"href":"https:\/\/www.ayuntamientodeharia.com\/haria\/wp-json\/wp\/v2\/types\/post"}],"author":[{"embeddable":true,"href":"https:\/\/www.ayuntamientodeharia.com\/haria\/wp-json\/wp\/v2\/users\/7"}],"replies":[{"embeddable":true,"href":"https:\/\/www.ayuntamientodeharia.com\/haria\/wp-json\/wp\/v2\/comments?post=16699"}],"version-history":[{"count":1,"href":"https:\/\/www.ayuntamientodeharia.com\/haria\/wp-json\/wp\/v2\/posts\/16699\/revisions"}],"predecessor-version":[{"id":16700,"href":"https:\/\/www.ayuntamientodeharia.com\/haria\/wp-json\/wp\/v2\/posts\/16699\/revisions\/16700"}],"wp:attachment":[{"href":"https:\/\/www.ayuntamientodeharia.com\/haria\/wp-json\/wp\/v2\/media?parent=16699"}],"wp:term":[{"taxonomy":"category","embeddable":true,"href":"https:\/\/www.ayuntamientodeharia.com\/haria\/wp-json\/wp\/v2\/categories?post=16699"},{"taxonomy":"post_tag","embeddable":true,"href":"https:\/\/www.ayuntamientodeharia.com\/haria\/wp-json\/wp\/v2\/tags?post=16699"}],"curies":[{"name":"wp","href":"https:\/\/api.w.org\/{rel}","templated":true}]}}