{"id":16696,"date":"2019-09-06T10:43:40","date_gmt":"2019-09-06T10:43:40","guid":{"rendered":"https:\/\/www.ayuntamientodeharia.com\/haria\/?p=16696"},"modified":"2019-09-06T10:43:40","modified_gmt":"2019-09-06T10:43:40","slug":"la-haria-extreme-lanzarote-presente-nuevamente-en-chamonix","status":"publish","type":"post","link":"https:\/\/www.ayuntamientodeharia.com\/haria\/la-haria-extreme-lanzarote-presente-nuevamente-en-chamonix\/","title":{"rendered":"La \u2018Har\u00eda Extreme Lanzarote\u2019, presente nuevamente en Chamonix"},"content":{"rendered":"<p>Por quinto a\u00f1o consecutivo la \u2018Har\u00eda Extreme Lanzarote\u2019 se ha desplazado a la feria del Ultra Trail du Mont-Blanc, en un evento que atrae a las mejores marcas del sector, adem\u00e1s de los deportistas m\u00e1s laureados del trail running.<\/p>\n<p><!--more--><\/p>\n<p>&nbsp;<\/p>\n<p>La \u2018Har\u00eda Extreme Lanzarote\u2019 se disputar\u00e1 el 16 de noviembre en el municipio de Har\u00eda y mantiene a\u00fan las inscripciones abiertas. El d\u00eda 2 de septiembre comenzar\u00e1 el tercer y \u00faltimo plazo de inscripciones para poder participar en esta prueba. Existe un descuento del 25% para los residentes en Lanzarote y hasta un 50% si el atleta reside en Har\u00eda.<\/p>\n<p>&nbsp;<\/p>\n<p>Esta edici\u00f3n repetir\u00e1 las 4 modalidades de a\u00f1os anteriores. La m\u00e1s corta ser\u00e1 la Starter con 13 kil\u00f3metros; le seguir\u00e1 la Medium con 19,5 kil\u00f3metros; la tercera especialidad ser\u00e1 la Marat\u00f3n con 44 kil\u00f3metros, y por \u00faltimo la Ultra, con 95 kil\u00f3metros, que ser\u00e1 adem\u00e1s la \u00faltima carrera del a\u00f1o dentro del circuito de la \u2018Spain Ultra Cup\u2019, puntuable para el \u2018Campeonato de Canarias de Ultra Distancia\u2019.<\/p>\n","protected":false},"excerpt":{"rendered":"<p>Por quinto a\u00f1o consecutivo la \u2018Har\u00eda Extreme Lanzarote\u2019 se ha desplazado a la feria del Ultra Trail du Mont-Blanc, en un evento que atrae a las mejores marcas del sector, adem\u00e1s de los deportistas m\u00e1s laureados del trail running.<\/p>\n","protected":false},"author":7,"featured_media":16697,"comment_status":"closed","ping_status":"closed","sticky":false,"template":"","format":"standard","meta":{"footnotes":""},"categories":[17,11],"tags":[],"class_list":["post-16696","post","type-post","status-publish","format-standard","has-post-thumbnail","hentry","category-deportes","category-hoja-de-haria"],"_links":{"self":[{"href":"https:\/\/www.ayuntamientodeharia.com\/haria\/wp-json\/wp\/v2\/posts\/16696","targetHints":{"allow":["GET"]}}],"collection":[{"href":"https:\/\/www.ayuntamientodeharia.com\/haria\/wp-json\/wp\/v2\/posts"}],"about":[{"href":"https:\/\/www.ayuntamientodeharia.com\/haria\/wp-json\/wp\/v2\/types\/post"}],"author":[{"embeddable":true,"href":"https:\/\/www.ayuntamientodeharia.com\/haria\/wp-json\/wp\/v2\/users\/7"}],"replies":[{"embeddable":true,"href":"https:\/\/www.ayuntamientodeharia.com\/haria\/wp-json\/wp\/v2\/comments?post=16696"}],"version-history":[{"count":1,"href":"https:\/\/www.ayuntamientodeharia.com\/haria\/wp-json\/wp\/v2\/posts\/16696\/revisions"}],"predecessor-version":[{"id":16698,"href":"https:\/\/www.ayuntamientodeharia.com\/haria\/wp-json\/wp\/v2\/posts\/16696\/revisions\/16698"}],"wp:featuredmedia":[{"embeddable":true,"href":"https:\/\/www.ayuntamientodeharia.com\/haria\/wp-json\/wp\/v2\/media\/16697"}],"wp:attachment":[{"href":"https:\/\/www.ayuntamientodeharia.com\/haria\/wp-json\/wp\/v2\/media?parent=16696"}],"wp:term":[{"taxonomy":"category","embeddable":true,"href":"https:\/\/www.ayuntamientodeharia.com\/haria\/wp-json\/wp\/v2\/categories?post=16696"},{"taxonomy":"post_tag","embeddable":true,"href":"https:\/\/www.ayuntamientodeharia.com\/haria\/wp-json\/wp\/v2\/tags?post=16696"}],"curies":[{"name":"wp","href":"https:\/\/api.w.org\/{rel}","templated":true}]}}