{"id":16693,"date":"2019-09-06T10:41:16","date_gmt":"2019-09-06T10:41:16","guid":{"rendered":"https:\/\/www.ayuntamientodeharia.com\/haria\/?p=16693"},"modified":"2019-09-20T09:29:49","modified_gmt":"2019-09-20T09:29:49","slug":"abierto-el-plazo-de-inscripcion-para-los-voluntarios-haria-extreme-lanzarote-9-0","status":"publish","type":"post","link":"https:\/\/www.ayuntamientodeharia.com\/haria\/abierto-el-plazo-de-inscripcion-para-los-voluntarios-haria-extreme-lanzarote-9-0\/","title":{"rendered":"Abierto el plazo de inscripci\u00f3n para los voluntarios \u2018Har\u00eda Extreme Lanzarote 9.0\u2019"},"content":{"rendered":"<p>La familia de voluntarios extreme ya est\u00e1 en marcha para la nueva edici\u00f3n 9.0. El \u00e1rea de Juventud del Ayuntamiento de Har\u00eda coordina como cada a\u00f1o la gesti\u00f3n del voluntariado para la mayor de las pruebas deportivas de trailrunning de la Isla, la \u2018Har\u00eda Extreme Lanzarote 9.0\u2019, que se celebra en noviembre, y cuyo plazo de inscripci\u00f3n ya est\u00e1 abierto.<\/p>\n<p><!--more--><\/p>\n<p>&nbsp;<\/p>\n<p>En esta edici\u00f3n, el Punto Joven comienza en septiembre con tres cursos de formaci\u00f3n orientados al voluntariado deportivo, capacitando y formando a los m\u00e1s j\u00f3venes del municipio y a todos aquellos interesados en el voluntariado. Tal ha sido el \u00e9xito de estos cursos que en dos de ellos, las 25 plazas disponibles para cada uno de ellos se agotaron en 48 horas.<\/p>\n<p>&nbsp;<\/p>\n<p><b>Los interesados deben cumplimentar un formulario web haciendo clic en este enlace: <\/b><u><a href=\"https:\/\/www.ayuntamientodeharia.com\/haria\/?p=16636\">www.ayuntamientodeharia.com\/haria\/?p=16636<\/a><\/u><\/p>\n<p>&nbsp;<\/p>\n<p>Para acceder a la web de a prueba haz clic <u><a href=\"http:\/\/www.hariaextreme.com\">www.hariaextreme.com<\/a><\/u>.<\/p>\n<p>&nbsp;<\/p>\n","protected":false},"excerpt":{"rendered":"<p>La familia de voluntarios extreme ya est\u00e1 en marcha para la nueva edici\u00f3n 9.0. El \u00e1rea de Juventud del Ayuntamiento de Har\u00eda coordina como cada a\u00f1o la gesti\u00f3n del voluntariado para la mayor de las pruebas deportivas de trailrunning de la Isla, la \u2018Har\u00eda Extreme Lanzarote 9.0\u2019, que se celebra en noviembre, y cuyo plazo [&hellip;]<\/p>\n","protected":false},"author":7,"featured_media":16690,"comment_status":"closed","ping_status":"closed","sticky":false,"template":"","format":"standard","meta":{"footnotes":""},"categories":[17,11,25],"tags":[],"class_list":["post-16693","post","type-post","status-publish","format-standard","has-post-thumbnail","hentry","category-deportes","category-hoja-de-haria","category-juventud"],"_links":{"self":[{"href":"https:\/\/www.ayuntamientodeharia.com\/haria\/wp-json\/wp\/v2\/posts\/16693","targetHints":{"allow":["GET"]}}],"collection":[{"href":"https:\/\/www.ayuntamientodeharia.com\/haria\/wp-json\/wp\/v2\/posts"}],"about":[{"href":"https:\/\/www.ayuntamientodeharia.com\/haria\/wp-json\/wp\/v2\/types\/post"}],"author":[{"embeddable":true,"href":"https:\/\/www.ayuntamientodeharia.com\/haria\/wp-json\/wp\/v2\/users\/7"}],"replies":[{"embeddable":true,"href":"https:\/\/www.ayuntamientodeharia.com\/haria\/wp-json\/wp\/v2\/comments?post=16693"}],"version-history":[{"count":9,"href":"https:\/\/www.ayuntamientodeharia.com\/haria\/wp-json\/wp\/v2\/posts\/16693\/revisions"}],"predecessor-version":[{"id":16808,"href":"https:\/\/www.ayuntamientodeharia.com\/haria\/wp-json\/wp\/v2\/posts\/16693\/revisions\/16808"}],"wp:featuredmedia":[{"embeddable":true,"href":"https:\/\/www.ayuntamientodeharia.com\/haria\/wp-json\/wp\/v2\/media\/16690"}],"wp:attachment":[{"href":"https:\/\/www.ayuntamientodeharia.com\/haria\/wp-json\/wp\/v2\/media?parent=16693"}],"wp:term":[{"taxonomy":"category","embeddable":true,"href":"https:\/\/www.ayuntamientodeharia.com\/haria\/wp-json\/wp\/v2\/categories?post=16693"},{"taxonomy":"post_tag","embeddable":true,"href":"https:\/\/www.ayuntamientodeharia.com\/haria\/wp-json\/wp\/v2\/tags?post=16693"}],"curies":[{"name":"wp","href":"https:\/\/api.w.org\/{rel}","templated":true}]}}