{"id":16682,"date":"2019-08-30T19:30:09","date_gmt":"2019-08-30T19:30:09","guid":{"rendered":"https:\/\/www.ayuntamientodeharia.com\/haria\/?p=16682"},"modified":"2019-09-06T10:36:04","modified_gmt":"2019-09-06T10:36:04","slug":"encuentro-para-la-dinamizacion-juvenil-del-municipio","status":"publish","type":"post","link":"https:\/\/www.ayuntamientodeharia.com\/haria\/encuentro-para-la-dinamizacion-juvenil-del-municipio\/","title":{"rendered":"Encuentro para la dinamizaci\u00f3n juvenil del municipio"},"content":{"rendered":"<p>El alcalde de Har\u00eda, Alfredo Villalba, acompa\u00f1ado de otros miembros de la Corporaci\u00f3n municipal, se reuni\u00f3 en el Ayuntamiento con representantes de la asociaci\u00f3n cultural y de festejos VivHar\u00eda, con el fin de establecer l\u00edneas de actuaci\u00f3n y colaboraci\u00f3n de cara a dinamizar el municipio norte\u00f1o a nivel juvenil.<\/p>\n<p><!--more--><\/p>\n<p>&nbsp;<\/p>\n<p>El grupo de gobierno destaca la labor que este colectivo viene desarrollando en los \u00faltimos tiempos en la organizaci\u00f3n de las fiestas y en la puesta en marcha de diferentes actividades destinadas a los m\u00e1s j\u00f3venes del norte de la Isla, para lo que resulta vital una buena coordinaci\u00f3n entre todas las partes implicadas.<\/p>\n","protected":false},"excerpt":{"rendered":"<p>El alcalde de Har\u00eda, Alfredo Villalba, acompa\u00f1ado de otros miembros de la Corporaci\u00f3n municipal, se reuni\u00f3 en el Ayuntamiento con representantes de la asociaci\u00f3n cultural y de festejos VivHar\u00eda, con el fin de establecer l\u00edneas de actuaci\u00f3n y colaboraci\u00f3n de cara a dinamizar el municipio norte\u00f1o a nivel juvenil.<\/p>\n","protected":false},"author":7,"featured_media":16683,"comment_status":"closed","ping_status":"closed","sticky":false,"template":"","format":"standard","meta":{"footnotes":""},"categories":[73,15,11,25],"tags":[],"class_list":["post-16682","post","type-post","status-publish","format-standard","has-post-thumbnail","hentry","category-alcaldia","category-festejos","category-hoja-de-haria","category-juventud"],"_links":{"self":[{"href":"https:\/\/www.ayuntamientodeharia.com\/haria\/wp-json\/wp\/v2\/posts\/16682","targetHints":{"allow":["GET"]}}],"collection":[{"href":"https:\/\/www.ayuntamientodeharia.com\/haria\/wp-json\/wp\/v2\/posts"}],"about":[{"href":"https:\/\/www.ayuntamientodeharia.com\/haria\/wp-json\/wp\/v2\/types\/post"}],"author":[{"embeddable":true,"href":"https:\/\/www.ayuntamientodeharia.com\/haria\/wp-json\/wp\/v2\/users\/7"}],"replies":[{"embeddable":true,"href":"https:\/\/www.ayuntamientodeharia.com\/haria\/wp-json\/wp\/v2\/comments?post=16682"}],"version-history":[{"count":1,"href":"https:\/\/www.ayuntamientodeharia.com\/haria\/wp-json\/wp\/v2\/posts\/16682\/revisions"}],"predecessor-version":[{"id":16684,"href":"https:\/\/www.ayuntamientodeharia.com\/haria\/wp-json\/wp\/v2\/posts\/16682\/revisions\/16684"}],"wp:featuredmedia":[{"embeddable":true,"href":"https:\/\/www.ayuntamientodeharia.com\/haria\/wp-json\/wp\/v2\/media\/16683"}],"wp:attachment":[{"href":"https:\/\/www.ayuntamientodeharia.com\/haria\/wp-json\/wp\/v2\/media?parent=16682"}],"wp:term":[{"taxonomy":"category","embeddable":true,"href":"https:\/\/www.ayuntamientodeharia.com\/haria\/wp-json\/wp\/v2\/categories?post=16682"},{"taxonomy":"post_tag","embeddable":true,"href":"https:\/\/www.ayuntamientodeharia.com\/haria\/wp-json\/wp\/v2\/tags?post=16682"}],"curies":[{"name":"wp","href":"https:\/\/api.w.org\/{rel}","templated":true}]}}