{"id":1668,"date":"2015-06-05T10:05:05","date_gmt":"2015-06-05T10:05:05","guid":{"rendered":"http:\/\/www.ayuntamientodeharia.com\/haria\/?p=1668"},"modified":"2015-06-05T10:05:18","modified_gmt":"2015-06-05T10:05:18","slug":"se-mantiene-abierta-la-inscripcion-de-la-escuela-de-verano","status":"publish","type":"post","link":"https:\/\/www.ayuntamientodeharia.com\/haria\/se-mantiene-abierta-la-inscripcion-de-la-escuela-de-verano\/","title":{"rendered":"Se mantiene abierta la inscripci\u00f3n de la Escuela de Verano"},"content":{"rendered":"<p><a href=\"http:\/\/www.ayuntamientodeharia.com\/haria\/wp-content\/uploads\/2015\/06\/hoja_753_verano.jpg\"><img decoding=\"async\" class=\"alignleft  wp-image-1650\" src=\"http:\/\/www.ayuntamientodeharia.com\/haria\/wp-content\/uploads\/2015\/06\/hoja_753_verano.jpg\" alt=\"hoja_753_verano\" width=\"110\" height=\"107\" \/><\/a>El Ayuntamiento de Har\u00eda, a trav\u00e9s de la Concejal\u00eda de Educaci\u00f3n, organiza una Escuela de Verano, con comedor opcional, durante los meses de julio y agosto, de lunes a viernes, de 7:30 a 15:30 horas, en las instalaciones del CEIP La Garita de Arrieta.<\/p>\n<p>&nbsp;<\/p>\n<p>Los padres interesados en recibir m\u00e1s informaci\u00f3n sobre las actividades que ofrece la Escuela de verano, as\u00ed como de la matr\u00edcula, deber\u00e1n ponerse en contacto con el Departamento de Educaci\u00f3n, de lunes a viernes, de 8:00 a 13:00 horas.<\/p>\n","protected":false},"excerpt":{"rendered":"<p>El Ayuntamiento de Har\u00eda, a trav\u00e9s de la Concejal\u00eda de Educaci\u00f3n, organiza una Escuela de Verano, con comedor opcional, durante los meses de julio y agosto, de lunes a viernes, de 7:30 a 15:30 horas, en las instalaciones del CEIP La Garita de Arrieta. &nbsp; Los padres interesados en recibir m\u00e1s informaci\u00f3n sobre las actividades [&hellip;]<\/p>\n","protected":false},"author":2,"featured_media":0,"comment_status":"closed","ping_status":"closed","sticky":false,"template":"","format":"standard","meta":{"footnotes":""},"categories":[32,11],"tags":[],"class_list":["post-1668","post","type-post","status-publish","format-standard","hentry","category-anuncios","category-hoja-de-haria"],"_links":{"self":[{"href":"https:\/\/www.ayuntamientodeharia.com\/haria\/wp-json\/wp\/v2\/posts\/1668","targetHints":{"allow":["GET"]}}],"collection":[{"href":"https:\/\/www.ayuntamientodeharia.com\/haria\/wp-json\/wp\/v2\/posts"}],"about":[{"href":"https:\/\/www.ayuntamientodeharia.com\/haria\/wp-json\/wp\/v2\/types\/post"}],"author":[{"embeddable":true,"href":"https:\/\/www.ayuntamientodeharia.com\/haria\/wp-json\/wp\/v2\/users\/2"}],"replies":[{"embeddable":true,"href":"https:\/\/www.ayuntamientodeharia.com\/haria\/wp-json\/wp\/v2\/comments?post=1668"}],"version-history":[{"count":0,"href":"https:\/\/www.ayuntamientodeharia.com\/haria\/wp-json\/wp\/v2\/posts\/1668\/revisions"}],"wp:attachment":[{"href":"https:\/\/www.ayuntamientodeharia.com\/haria\/wp-json\/wp\/v2\/media?parent=1668"}],"wp:term":[{"taxonomy":"category","embeddable":true,"href":"https:\/\/www.ayuntamientodeharia.com\/haria\/wp-json\/wp\/v2\/categories?post=1668"},{"taxonomy":"post_tag","embeddable":true,"href":"https:\/\/www.ayuntamientodeharia.com\/haria\/wp-json\/wp\/v2\/tags?post=1668"}],"curies":[{"name":"wp","href":"https:\/\/api.w.org\/{rel}","templated":true}]}}