{"id":16659,"date":"2019-08-30T19:07:20","date_gmt":"2019-08-30T19:07:20","guid":{"rendered":"https:\/\/www.ayuntamientodeharia.com\/haria\/?p=16659"},"modified":"2019-09-03T14:13:22","modified_gmt":"2019-09-03T14:13:22","slug":"se-abre-el-plazo-de-matricula-del-nuevo-curso-para-la-escuela-de-ensenanzas-musicales","status":"publish","type":"post","link":"https:\/\/www.ayuntamientodeharia.com\/haria\/se-abre-el-plazo-de-matricula-del-nuevo-curso-para-la-escuela-de-ensenanzas-musicales\/","title":{"rendered":"Se abre el plazo de matr\u00edcula del nuevo curso para la Escuela de Ense\u00f1anzas Musicales"},"content":{"rendered":"<p>La\u00a0Escuela Municipal\u00a0de Ense\u00f1anzas Musicales de Har\u00eda abre el plazo de matr\u00edcula para el curso 2019\/2020, que comenzar\u00e1 el 1 de octubre, ofreciendo a los j\u00f3venes acordes, ritmos y, en definitiva, m\u00fasica al alcance de todos.<\/p>\n<p><!--more--><\/p>\n<p>&nbsp;<\/p>\n<p>Se trata de un proyecto educativo y cultural que contribuye a la transformaci\u00f3n de un pueblo entero al ritmo de la m\u00fasica, a trav\u00e9s de clases de iniciaci\u00f3n musical, percusi\u00f3n, timple, guitarra, canto, bater\u00eda, m\u00fasica electr\u00f3nica e iniciaci\u00f3n a DJ, piano y folclore.<\/p>\n<p>&nbsp;<\/p>\n<p>La formaci\u00f3n te\u00f3rica y pr\u00e1ctica de los alumnos se dividir\u00e1 en dos ciclos: un ciclo inicial para ni\u00f1os de 3 a 7 a\u00f1os, donde se impartir\u00e1 la asignatura de m\u00fasica y movimiento; y, a partir de los 8 a\u00f1os acceder\u00e1n a un ciclo b\u00e1sico donde se les impartir\u00e1 la asignatura de lenguaje musical y elegir\u00e1n instrumento.<\/p>\n<p>&nbsp;<\/p>\n<p>Pueden presentar solicitud de matr\u00edcula v\u00eda registro de entrada del Ayuntamiento. M\u00e1s Informaci\u00f3n e impreso en la web juventudharia.es y llamando a los tel\u00e9fonos 928 817 069 y 609 237 836.<\/p>\n","protected":false},"excerpt":{"rendered":"<p>La\u00a0Escuela Municipal\u00a0de Ense\u00f1anzas Musicales de Har\u00eda abre el plazo de matr\u00edcula para el curso 2019\/2020, que comenzar\u00e1 el 1 de octubre, ofreciendo a los j\u00f3venes acordes, ritmos y, en definitiva, m\u00fasica al alcance de todos.<\/p>\n","protected":false},"author":7,"featured_media":16661,"comment_status":"closed","ping_status":"closed","sticky":false,"template":"","format":"standard","meta":{"footnotes":""},"categories":[16,11],"tags":[],"class_list":["post-16659","post","type-post","status-publish","format-standard","has-post-thumbnail","hentry","category-cultura","category-hoja-de-haria"],"_links":{"self":[{"href":"https:\/\/www.ayuntamientodeharia.com\/haria\/wp-json\/wp\/v2\/posts\/16659","targetHints":{"allow":["GET"]}}],"collection":[{"href":"https:\/\/www.ayuntamientodeharia.com\/haria\/wp-json\/wp\/v2\/posts"}],"about":[{"href":"https:\/\/www.ayuntamientodeharia.com\/haria\/wp-json\/wp\/v2\/types\/post"}],"author":[{"embeddable":true,"href":"https:\/\/www.ayuntamientodeharia.com\/haria\/wp-json\/wp\/v2\/users\/7"}],"replies":[{"embeddable":true,"href":"https:\/\/www.ayuntamientodeharia.com\/haria\/wp-json\/wp\/v2\/comments?post=16659"}],"version-history":[{"count":2,"href":"https:\/\/www.ayuntamientodeharia.com\/haria\/wp-json\/wp\/v2\/posts\/16659\/revisions"}],"predecessor-version":[{"id":16688,"href":"https:\/\/www.ayuntamientodeharia.com\/haria\/wp-json\/wp\/v2\/posts\/16659\/revisions\/16688"}],"wp:featuredmedia":[{"embeddable":true,"href":"https:\/\/www.ayuntamientodeharia.com\/haria\/wp-json\/wp\/v2\/media\/16661"}],"wp:attachment":[{"href":"https:\/\/www.ayuntamientodeharia.com\/haria\/wp-json\/wp\/v2\/media?parent=16659"}],"wp:term":[{"taxonomy":"category","embeddable":true,"href":"https:\/\/www.ayuntamientodeharia.com\/haria\/wp-json\/wp\/v2\/categories?post=16659"},{"taxonomy":"post_tag","embeddable":true,"href":"https:\/\/www.ayuntamientodeharia.com\/haria\/wp-json\/wp\/v2\/tags?post=16659"}],"curies":[{"name":"wp","href":"https:\/\/api.w.org\/{rel}","templated":true}]}}