{"id":16657,"date":"2019-08-30T19:04:34","date_gmt":"2019-08-30T19:04:34","guid":{"rendered":"https:\/\/www.ayuntamientodeharia.com\/haria\/?p=16657"},"modified":"2019-08-30T19:04:34","modified_gmt":"2019-08-30T19:04:34","slug":"agradecimiento-a-la-comision-de-fiestas-de-santa-rosa-de-lima","status":"publish","type":"post","link":"https:\/\/www.ayuntamientodeharia.com\/haria\/agradecimiento-a-la-comision-de-fiestas-de-santa-rosa-de-lima\/","title":{"rendered":"Agradecimiento a la Comisi\u00f3n de Fiestas de Santa Rosa de Lima"},"content":{"rendered":"<p><img decoding=\"async\" class=\"alignleft size-thumbnail wp-image-16538\" src=\"https:\/\/www.ayuntamientodeharia.com\/haria\/wp-content\/uploads\/2019\/08\/Cartel-Fiestas-Santa-Rosa-150x150.jpg\" alt=\"\" width=\"150\" height=\"150\" \/>La concejala de Festejos, Soraya Brito, quiere dar las gracias\u00a0a la Comisi\u00f3n de Fiestas Santa Rosa de Lima, un a\u00f1o m\u00e1s, por su apoyo y esfuerzo incondicional para que todos y cada uno de los actos salieran adelante:<\/p>\n<p><!--more--><\/p>\n<p>&nbsp;<\/p>\n<p>\u201cS\u00e9 que el tiempo pasa y la disponibilidad cada vez es menor -casi todos ya trabajan y no es lo mismo-, pero as\u00ed y todo lo intentan y se esfuerzan.<\/p>\n<p>&nbsp;<\/p>\n<p>Gracias a\u00a0todos los socios y manos amigas (ellos saben qui\u00e9nes son), y sobre todo a su presidenta, Jeni, que es la que tira por todos; sin ustedes las fiestas no ser\u00edan lo mismo. Gracias tambi\u00e9n a todos los vecinos que organizaron el Asadero.<\/p>\n<p>&nbsp;<\/p>\n<p>El a\u00f1o que viene seguiremos trabajando juntos para que, aunque se pierdan d\u00edas de fiesta, no se pierda la ilusi\u00f3n y las ganas de hacer disfrutar al pueblo en honor a Santa Rosa.\u201d<\/p>\n","protected":false},"excerpt":{"rendered":"<p>La concejala de Festejos, Soraya Brito, quiere dar las gracias\u00a0a la Comisi\u00f3n de Fiestas Santa Rosa de Lima, un a\u00f1o m\u00e1s, por su apoyo y esfuerzo incondicional para que todos y cada uno de los actos salieran adelante:<\/p>\n","protected":false},"author":7,"featured_media":0,"comment_status":"closed","ping_status":"closed","sticky":false,"template":"","format":"standard","meta":{"footnotes":""},"categories":[15,11],"tags":[],"class_list":["post-16657","post","type-post","status-publish","format-standard","hentry","category-festejos","category-hoja-de-haria"],"_links":{"self":[{"href":"https:\/\/www.ayuntamientodeharia.com\/haria\/wp-json\/wp\/v2\/posts\/16657","targetHints":{"allow":["GET"]}}],"collection":[{"href":"https:\/\/www.ayuntamientodeharia.com\/haria\/wp-json\/wp\/v2\/posts"}],"about":[{"href":"https:\/\/www.ayuntamientodeharia.com\/haria\/wp-json\/wp\/v2\/types\/post"}],"author":[{"embeddable":true,"href":"https:\/\/www.ayuntamientodeharia.com\/haria\/wp-json\/wp\/v2\/users\/7"}],"replies":[{"embeddable":true,"href":"https:\/\/www.ayuntamientodeharia.com\/haria\/wp-json\/wp\/v2\/comments?post=16657"}],"version-history":[{"count":1,"href":"https:\/\/www.ayuntamientodeharia.com\/haria\/wp-json\/wp\/v2\/posts\/16657\/revisions"}],"predecessor-version":[{"id":16658,"href":"https:\/\/www.ayuntamientodeharia.com\/haria\/wp-json\/wp\/v2\/posts\/16657\/revisions\/16658"}],"wp:attachment":[{"href":"https:\/\/www.ayuntamientodeharia.com\/haria\/wp-json\/wp\/v2\/media?parent=16657"}],"wp:term":[{"taxonomy":"category","embeddable":true,"href":"https:\/\/www.ayuntamientodeharia.com\/haria\/wp-json\/wp\/v2\/categories?post=16657"},{"taxonomy":"post_tag","embeddable":true,"href":"https:\/\/www.ayuntamientodeharia.com\/haria\/wp-json\/wp\/v2\/tags?post=16657"}],"curies":[{"name":"wp","href":"https:\/\/api.w.org\/{rel}","templated":true}]}}