{"id":16636,"date":"2019-08-30T07:31:55","date_gmt":"2019-08-30T07:31:55","guid":{"rendered":"https:\/\/www.ayuntamientodeharia.com\/haria\/?p=16636"},"modified":"2019-11-15T13:09:39","modified_gmt":"2019-11-15T13:09:39","slug":"voluntariado-haria-extreme-2019-en-fase-de-pruebas-2","status":"publish","type":"post","link":"https:\/\/www.ayuntamientodeharia.com\/haria\/voluntariado-haria-extreme-2019-en-fase-de-pruebas-2\/","title":{"rendered":"INSCRIPCI\u00d3N Voluntariado Har\u00eda Extreme 9.0"},"content":{"rendered":"<p><H1>PLAZO DE INSCRIPCI\u00d3N CERRADO<\/H1><\/p>\n<div id=\"OPCION DESACTIVADA\" style=\"display: none\">\n\n<div class=\"wpcf7 no-js\" id=\"wpcf7-f16635-o1\" lang=\"es-ES\" dir=\"ltr\" data-wpcf7-id=\"16635\">\n<div class=\"screen-reader-response\"><p role=\"status\" aria-live=\"polite\" aria-atomic=\"true\"><\/p> <ul><\/ul><\/div>\n<form action=\"\/haria\/wp-json\/wp\/v2\/posts\/16636#wpcf7-f16635-o1\" method=\"post\" class=\"wpcf7-form init\" aria-label=\"Formulario de contacto\" novalidate=\"novalidate\" data-status=\"init\">\n<fieldset class=\"hidden-fields-container\"><input type=\"hidden\" name=\"_wpcf7\" value=\"16635\" \/><input type=\"hidden\" name=\"_wpcf7_version\" value=\"6.1.5\" \/><input type=\"hidden\" name=\"_wpcf7_locale\" value=\"es_ES\" \/><input type=\"hidden\" name=\"_wpcf7_unit_tag\" value=\"wpcf7-f16635-o1\" \/><input type=\"hidden\" name=\"_wpcf7_container_post\" value=\"0\" \/><input type=\"hidden\" name=\"_wpcf7_posted_data_hash\" value=\"\" \/><input type=\"hidden\" name=\"redirect_nonce\" value=\"a797832a7f\" \/><input type=\"hidden\" name=\"wpcf7cfpdf_hidden_name\" value=\"document-pdf\" \/><input type=\"hidden\" name=\"wpcf7cfpdf_hidden_reference\" value=\"bdef40fc\" \/><input type=\"hidden\" name=\"wpcf7cfpdf_hidden_date\" value=\"04302026\" \/><input type=\"hidden\" name=\"_wpcf7_recaptcha_response\" value=\"\" \/>\n<\/fieldset>\n\n<p style=\"color:red\"><b>Los campos en rojo son obligatorios<\/b>\n<\/p>\n<p style=\"color:red\">Nombre: <span class=\"wpcf7-form-control-wrap\" data-name=\"nombre\"><input size=\"25\" maxlength=\"25\" class=\"wpcf7-form-control wpcf7-text wpcf7-validates-as-required\" aria-required=\"true\" aria-invalid=\"false\" value=\"\" type=\"text\" name=\"nombre\" \/><\/span> Apellidos: <span class=\"wpcf7-form-control-wrap\" data-name=\"apellidos\"><input size=\"25\" maxlength=\"25\" class=\"wpcf7-form-control wpcf7-text wpcf7-validates-as-required\" aria-required=\"true\" aria-invalid=\"false\" value=\"\" type=\"text\" name=\"apellidos\" \/><\/span>\n<\/p>\n<p style=\"color:red\">Edad <span class=\"wpcf7-form-control-wrap\" data-name=\"edad\"><input size=\"2\" maxlength=\"2\" class=\"wpcf7-form-control wpcf7-text wpcf7-validates-as-required\" aria-required=\"true\" aria-invalid=\"false\" value=\"\" type=\"text\" name=\"edad\" \/><\/span> Tel\u00e9fono <span class=\"wpcf7-form-control-wrap\" data-name=\"telefono\"><input size=\"40\" maxlength=\"400\" class=\"wpcf7-form-control wpcf7-tel wpcf7-validates-as-required wpcf7-text wpcf7-validates-as-tel\" aria-required=\"true\" aria-invalid=\"false\" value=\"\" type=\"tel\" name=\"telefono\" \/><\/span>\n<\/p>\n<p style=\"color:red\">E-mail <span class=\"wpcf7-form-control-wrap\" data-name=\"email\"><input size=\"40\" maxlength=\"400\" class=\"wpcf7-form-control wpcf7-email wpcf7-validates-as-required wpcf7-text wpcf7-validates-as-email\" aria-required=\"true\" aria-invalid=\"false\" value=\"\" type=\"email\" name=\"email\" \/><\/span>\n<\/p>\n<p style=\"color:red\">Localidad de residencia <span class=\"wpcf7-form-control-wrap\" data-name=\"localidad\"><input size=\"25\" maxlength=\"25\" class=\"wpcf7-form-control wpcf7-text wpcf7-validates-as-required\" aria-required=\"true\" aria-invalid=\"false\" value=\"\" type=\"text\" name=\"localidad\" \/><\/span>\n<\/p>\n<p style=\"color:red\">Seleccione Talla de Camiseta <span class=\"wpcf7-form-control-wrap\" data-name=\"talla\"><select class=\"wpcf7-form-control wpcf7-select wpcf7-validates-as-required\" aria-required=\"true\" aria-invalid=\"false\" name=\"talla\"><option value=\"\"><\/option><option value=\"XS\">XS<\/option><option value=\"S\">S<\/option><option value=\"M\">M<\/option><option value=\"L\">L<\/option><option value=\"XL\">XL<\/option><option value=\"XXL\">XXL<\/option><\/select><\/span>\n<\/p>\n<p>Si has sido voluntario Extreme otros a\u00f1os, indica los a\u00f1os:<br \/>\n<span class=\"wpcf7-form-control-wrap\" data-name=\"experiencia\"><span class=\"wpcf7-form-control wpcf7-checkbox\"><span class=\"wpcf7-list-item first\"><input type=\"checkbox\" name=\"experiencia[]\" value=\"2011\" \/><span class=\"wpcf7-list-item-label\">2011<\/span><\/span><span class=\"wpcf7-list-item\"><input type=\"checkbox\" name=\"experiencia[]\" value=\"2012\" \/><span class=\"wpcf7-list-item-label\">2012<\/span><\/span><span class=\"wpcf7-list-item\"><input type=\"checkbox\" name=\"experiencia[]\" value=\"2013\" \/><span class=\"wpcf7-list-item-label\">2013<\/span><\/span><span class=\"wpcf7-list-item\"><input type=\"checkbox\" name=\"experiencia[]\" value=\"2014\" \/><span class=\"wpcf7-list-item-label\">2014<\/span><\/span><span class=\"wpcf7-list-item\"><input type=\"checkbox\" name=\"experiencia[]\" value=\"2015\" \/><span class=\"wpcf7-list-item-label\">2015<\/span><\/span><span class=\"wpcf7-list-item\"><input type=\"checkbox\" name=\"experiencia[]\" value=\"2016\" \/><span class=\"wpcf7-list-item-label\">2016<\/span><\/span><span class=\"wpcf7-list-item\"><input type=\"checkbox\" name=\"experiencia[]\" value=\"2017\" \/><span class=\"wpcf7-list-item-label\">2017<\/span><\/span><span class=\"wpcf7-list-item last\"><input type=\"checkbox\" name=\"experiencia[]\" value=\"2018\" \/><span class=\"wpcf7-list-item-label\">2018<\/span><\/span><\/span><\/span>\n<\/p>\n<hr \/>\n<p><b>Contacto en caso de emergencia.<\/b>\n<\/p>\n<p style=\"color:red\">Nombre: <span class=\"wpcf7-form-control-wrap\" data-name=\"nombreEmergencia\"><input size=\"25\" maxlength=\"25\" class=\"wpcf7-form-control wpcf7-text wpcf7-validates-as-required\" aria-required=\"true\" aria-invalid=\"false\" value=\"\" type=\"text\" name=\"nombreEmergencia\" \/><\/span>\n<\/p>\n<p style=\"color:red\">Parentesco: <span class=\"wpcf7-form-control-wrap\" data-name=\"parentescoEmergencia\"><input size=\"25\" maxlength=\"25\" class=\"wpcf7-form-control wpcf7-text wpcf7-validates-as-required\" aria-required=\"true\" aria-invalid=\"false\" value=\"\" type=\"text\" name=\"parentescoEmergencia\" \/><\/span>\n<\/p>\n<p style=\"color:red\">Tel\u00e9fono: <span class=\"wpcf7-form-control-wrap\" data-name=\"telefonoEmergencia\"><input size=\"40\" maxlength=\"400\" class=\"wpcf7-form-control wpcf7-tel wpcf7-validates-as-required wpcf7-text wpcf7-validates-as-tel\" aria-required=\"true\" aria-invalid=\"false\" value=\"\" type=\"tel\" name=\"telefonoEmergencia\" \/><\/span>\n<\/p>\n\n<!--<a href=?page_id=16639 target=\u201d_blank\u201d>Para ver los t\u00e9rminos y condiciones haga clic aqu\u00ed<\/a> <br>-->\n<p><span class=\"wpcf7-form-control-wrap\" data-name=\"aceptar-terminos\"><span class=\"wpcf7-form-control wpcf7-acceptance\"><span class=\"wpcf7-list-item\"><input type=\"checkbox\" name=\"aceptar-terminos\" value=\"1\" aria-invalid=\"false\" \/><\/span><\/span><\/span>Acepto los t\u00e9rminos y condiciones de uso. <input class=\"wpcf7-form-control wpcf7-submit has-spinner\" type=\"submit\" value=\"Enviar formulario\" \/>\n<\/p><div class=\"wpcf7-response-output\" aria-hidden=\"true\"><\/div>\n<\/form>\n<\/div>\n\n<p>&nbsp;<\/p>\n<div class='code-block code-block-4' style='margin: 8px 0; clear: both;'>\n<!-- Mostrar ocultar texto en DIV 1 -->\n<br><center><a href=\"javascript:mostrarTextoOculto();\" id=\"textoEnlace\"><u>Mostrar t\u00e9rminos y condiciones<\/u><\/a><\/center><br>\n<script languaje=\"javasCript\">\n    function mostrarTextoOculto(){\n        if (document.getElementById(\"textoOculto\").style.display==\"none\"){\n            document.getElementById(\"textoOculto\").style.display=\"inherit\";\n            document.getElementById(\"textoEnlace\").innerHTML =\"<u>Ocultar t\u00e9rminos y condiciones<\/u>\";\n            }else{\n            document.getElementById(\"textoOculto\").style.display=\"none\";\n            document.getElementById(\"textoEnlace\").innerHTML =\"<u>Mostrar t\u00e9rminos y condiciones<\/u>\";\n        }\n    }\n<\/script><\/div>\n\n<p>&nbsp;<\/p>\n<div id=\"textoOculto\" style=\"display: none\">\n<p><span style=\"text-decoration: underline; font-family: arial, helvetica, sans-serif;\"><strong>Aviso Legal y Cl\u00e1usula de exenci\u00f3n de responsabilidad<\/strong><\/span><\/p>\n<p><span style=\"font-family: arial, helvetica, sans-serif;\">El presente sitio web tiene por objeto poner a disposici\u00f3n de los usuarios toda clase de servicios e informaciones relacionadas con el Ayuntamiento de Har\u00eda, as\u00ed como otras que se estimen de inter\u00e9s para los usuarios de la web y\/o vecinos de este Municipio. Nuestro objetivo consiste en velar por la actualidad y exactitud de dicha informaci\u00f3n, en caso de discrepancia prevalecer\u00e1 lo publicado en boletines y documentaci\u00f3n oficial impresa.<\/span><\/p>\n<p>&nbsp;<\/p>\n<p><span style=\"font-family: arial, helvetica, sans-serif;\">El Ayuntamiento de Har\u00eda se reserva la facultad de efectuar, en cualquier momento y sin necesidad de previo aviso, modificaciones y actualizaciones sobre la informaci\u00f3n contenida en su web o en su configuraci\u00f3n o presentaci\u00f3n con el fin de realizar mejoras en el servicio al ciudadano.<\/span><\/p>\n<p>&nbsp;<\/p>\n<p><span style=\"font-family: arial, helvetica, sans-serif;\">El Ayuntamiento de Har\u00eda no garantiza la inexistencia de errores en el acceso a esta web o en su contenido ni que \u00e9ste se encuentre totalmente actualizado, aunque har\u00e1 los esfuerzos precisos para evitarlos y, en su caso, subsanarlos o actualizarlos a la mayor brevedad posible.<\/span><\/p>\n<p>&nbsp;<\/p>\n<p>&nbsp;<\/p>\n<p><span style=\"font-family: arial, helvetica, sans-serif;\">La informaci\u00f3n proporcionada a trav\u00e9s de &#8216;<span style=\"text-decoration: underline;\"><a href=\"http:\/\/www.haria.es\">haria.es<\/a>&#8216;<\/span> y &#8216;<a href=\"http:\/\/www.ayuntamientodeharia.com\"><span style=\"text-decoration: underline;\">ayuntamientodeharia.com<\/span><\/a>&#8216; tiene car\u00e1cter meramente orientativo y en ning\u00fan caso podr\u00e1 ser vinculante para la resoluci\u00f3n de los procedimientos administrativos, que se hallar\u00e1 sujeta exclusivamente a la normativa que les sea de aplicaci\u00f3n. \u00danicamente los textos publicados en las ediciones impresas de los diferentes boletines oficiales tienen car\u00e1cter vinculante, aut\u00e9ntico y validez oficial.<\/span><\/p>\n<p>&nbsp;<\/p>\n<p><span style=\"font-family: arial, helvetica, sans-serif;\">Tanto el acceso a la web, como el uso que pueda hacerse de la informaci\u00f3n contenida en el mismo son de la exclusiva responsabilidad de quien lo realiza. El Ayuntamiento de Har\u00eda no responder\u00e1 de ninguna consecuencia, da\u00f1o o perjuicio que pudieran derivarse de dicho acceso o uso de informaci\u00f3n, con excepci\u00f3n de todas aquellas actuaciones que resulten de las disposiciones legales aplicables.<\/span><\/p>\n<p>&nbsp;<\/p>\n<p><span style=\"font-family: arial, helvetica, sans-serif;\">En este sitio web se han incluido enlaces a p\u00e1ginas de sitios web de terceros (&#8220;links&#8221;) que se han considerado de inter\u00e9s para los usuarios. No obstante, el Ayuntamiento de Har\u00eda no asume responsabilidad alguna derivada de la conexi\u00f3n o contenidos de los enlaces de terceros a los que se hace referencia en la web.<\/span><\/p>\n<p>&nbsp;<\/p>\n<p><span style=\"text-decoration: underline; font-family: arial, helvetica, sans-serif;\"><strong>Pol\u00edtica de Privacidad y Protecci\u00f3n de datos<\/strong><\/span><\/p>\n<p><span style=\"font-family: arial, helvetica, sans-serif;\">Conforme a lo previsto en el art\u00edculo 5 de la LOPD y en el Reglamento Europeo de Protecci\u00f3n de Datos (RGPD), se informa al USUARIO que, mediante los formularios de registro de la web, se recaban datos, que podr\u00e1n ser almacenados en en un fichero, con la finalidad que se indica en el mismo,\u00a0as\u00ed como otras comunicaciones que este Ayuntamiento\u00a0considere\u00a0interesante para sus USUARIOS, en ning\u00fan caso ser\u00e1n cedidos a terceros. Los campos marcados como de cumplimentaci\u00f3n obligatoria, son imprescindibles para realizar la finalidad expresada.<\/span><\/p>\n<p>&nbsp;<\/p>\n<p><span style=\"font-family: arial, helvetica, sans-serif;\">Bajo ning\u00fan concepto, estos datos ser\u00e1n cedidos, compartidos, transferidos, ni vendidos a ning\u00fan tercero. Para solicitar la baja de cualquier fichero de datos bastar\u00e1 con enviar un eMail a la siguiente direcci\u00f3n de correo electr\u00f3nico <span style=\"text-decoration: underline;\"><strong>webmaster@ayuntamientodeharia.com<\/strong><\/span>, identificando al solicitante e indicando de manera expresa <strong>BAJA<\/strong> \u00f3 <strong>MODIFICACI\u00d3N<\/strong> de los datos, o bi\u00e9n mediante escrito dirigido a este Ayuntamiento debidamente cumplimentado y Registrado en la direcci\u00f3n: Plaza de la Constituci\u00f3n, n\u00ba1, C.P. 35520, Har\u00eda.<\/span><\/p>\n<p>&nbsp;<\/p>\n<p><span style=\"text-decoration: underline;\"><span style=\"font-family: arial, helvetica, sans-serif;\"><strong>Permiso para el uso de im\u00e1genes<\/strong><\/span><\/span><\/p>\n<p><span style=\"font-family: arial, helvetica, sans-serif;\">Al aceptar los t\u00e9rminos y condiciones de este formulario, doy mi consentimiento para reproducir, distribuir y\u00a0 mostrar p\u00fablicamente, im\u00e1genes del trabajo de los <strong>VOLUNTARIOS EXTREME<\/strong> durante la celebraci\u00f3n del evento <strong>Har\u00eda Extreme Lanzarote 9.0<\/strong>, en los medios oficiales de la prueba y en prensa, si se diese el caso.<\/span><\/p>\n<p>&nbsp;<\/p>\n<p><span style=\"text-decoration: underline; font-family: arial, helvetica, sans-serif;\"><strong>Permiso de inclusi\u00f3n en grupo de comunicaci\u00f3n<\/strong><\/span><\/p>\n<p><span style=\"font-family: arial, helvetica, sans-serif;\">A fin de dar fluidez a la la gesti\u00f3n del evento concede permiso para incluir el n\u00famero de tel\u00e9fono declarado en el formulario en grupos de WhatsApp o listas de correo electr\u00f3nico, con el fin de mejorar las comunicaciones y coordinaci\u00f3n. Los grupos que se creen solamente tendr\u00e1n la finalidad\/objetivos relacionados exclusivamente con el desarrollo de la actividad para la que se ha suscrito.<\/span><\/p>\n<p>&nbsp;<\/p>\n<p><span style=\"text-decoration: underline; font-family: arial, helvetica, sans-serif;\"><strong><span style=\"font-family: arial, helvetica, sans-serif;\">Modificaci\u00f3n d<\/span>e la Pol\u00edtica de Privacidad<\/strong><\/span><\/p>\n<p><span style=\"font-family: arial, helvetica, sans-serif;\">El Ayuntamiento de Har\u00eda\u00a0se reserva el derecho a modificar su Pol\u00edtica de Privacidad, de acuerdo a criterio responsable, o motivado por cambios legislativos, jurisprudencial o doctrinal de la Agencia Espa\u00f1ola de Protecci\u00f3n de Datos, entre otros.<\/span><\/p>\n<p>&nbsp;<\/p>\n<p>&nbsp;<\/p>\n<p><span style=\"font-family: arial, helvetica, sans-serif;\">Cualquier modificaci\u00f3n de la Pol\u00edtica de Privacidad ser\u00e1 publicada al menos diez d\u00edas antes de su efectiva aplicaci\u00f3n. El uso de la Web despu\u00e9s de dichos cambios, implicar\u00e1 la aceptaci\u00f3n de los mismos.<\/span><\/p>\n<p>&nbsp;<\/p>\n<p>&nbsp;<\/p>\n<\/div>\n<p><\/DIV><\/p>\n","protected":false},"excerpt":{"rendered":"<p>PLAZO DE INSCRIPCI\u00d3N CERRADO &nbsp; &nbsp; Aviso Legal y Cl\u00e1usula de exenci\u00f3n de responsabilidad El presente sitio web tiene por objeto poner a disposici\u00f3n de los usuarios toda clase de servicios e informaciones relacionadas con el Ayuntamiento de Har\u00eda, as\u00ed como otras que se estimen de inter\u00e9s para los usuarios de la web y\/o vecinos [&hellip;]<\/p>\n","protected":false},"author":2,"featured_media":0,"comment_status":"closed","ping_status":"closed","sticky":false,"template":"","format":"standard","meta":{"footnotes":""},"categories":[25],"tags":[],"class_list":["post-16636","post","type-post","status-publish","format-standard","hentry","category-juventud"],"_links":{"self":[{"href":"https:\/\/www.ayuntamientodeharia.com\/haria\/wp-json\/wp\/v2\/posts\/16636","targetHints":{"allow":["GET"]}}],"collection":[{"href":"https:\/\/www.ayuntamientodeharia.com\/haria\/wp-json\/wp\/v2\/posts"}],"about":[{"href":"https:\/\/www.ayuntamientodeharia.com\/haria\/wp-json\/wp\/v2\/types\/post"}],"author":[{"embeddable":true,"href":"https:\/\/www.ayuntamientodeharia.com\/haria\/wp-json\/wp\/v2\/users\/2"}],"replies":[{"embeddable":true,"href":"https:\/\/www.ayuntamientodeharia.com\/haria\/wp-json\/wp\/v2\/comments?post=16636"}],"version-history":[{"count":8,"href":"https:\/\/www.ayuntamientodeharia.com\/haria\/wp-json\/wp\/v2\/posts\/16636\/revisions"}],"predecessor-version":[{"id":17235,"href":"https:\/\/www.ayuntamientodeharia.com\/haria\/wp-json\/wp\/v2\/posts\/16636\/revisions\/17235"}],"wp:attachment":[{"href":"https:\/\/www.ayuntamientodeharia.com\/haria\/wp-json\/wp\/v2\/media?parent=16636"}],"wp:term":[{"taxonomy":"category","embeddable":true,"href":"https:\/\/www.ayuntamientodeharia.com\/haria\/wp-json\/wp\/v2\/categories?post=16636"},{"taxonomy":"post_tag","embeddable":true,"href":"https:\/\/www.ayuntamientodeharia.com\/haria\/wp-json\/wp\/v2\/tags?post=16636"}],"curies":[{"name":"wp","href":"https:\/\/api.w.org\/{rel}","templated":true}]}}