{"id":1662,"date":"2015-06-05T10:01:05","date_gmt":"2015-06-05T10:01:05","guid":{"rendered":"http:\/\/www.ayuntamientodeharia.com\/haria\/?p=1662"},"modified":"2015-06-05T10:01:05","modified_gmt":"2015-06-05T10:01:05","slug":"el-grupo-de-teatro-raices-del-pueblo-actuara-en-la-tegala-de-haria","status":"publish","type":"post","link":"https:\/\/www.ayuntamientodeharia.com\/haria\/el-grupo-de-teatro-raices-del-pueblo-actuara-en-la-tegala-de-haria\/","title":{"rendered":"El grupo de teatro Ra\u00edces del Pueblo actuar\u00e1 en La Tegala de Har\u00eda"},"content":{"rendered":"<p><a href=\"http:\/\/www.ayuntamientodeharia.com\/haria\/wp-content\/uploads\/2015\/06\/hoja_753_teatro.jpg\"><img decoding=\"async\" class=\"alignleft  wp-image-1649\" src=\"http:\/\/www.ayuntamientodeharia.com\/haria\/wp-content\/uploads\/2015\/06\/hoja_753_teatro-237x300.jpg\" alt=\"hoja_753_teatro\" width=\"173\" height=\"217\" \/><\/a>Este domingo, 7 de junio, a las 20:00 horas, el grupo de teatro de San Bartolom\u00e9 Ra\u00edces del Pueblo representar\u00e1 la obra \u2018No hay ladr\u00f3n que por bien no venga\u2019 en el Centro Sociocultural La Tegala de Har\u00eda.<\/p>\n<p>&nbsp;<\/p>\n<p>\u2018No hay ladr\u00f3n que por bien no venga\u2019 es una comedia de enredos escrita por Dario Fo donde se muestra la hipocres\u00eda del ser humano, fruto de la sociedad en la que vive, haciendo que el espectador reflexione sobre este aspecto sin olvidar la diversi\u00f3n y el buen humor.<\/p>\n<p><!--more--><\/p>\n<p>La obra gira en torno a una pareja que se enga\u00f1a mutuamente. Con la entrada de un ladr\u00f3n en la casa se genera un sinf\u00edn de situaciones en las que los personajes se van culpando unos a otros para no ser descubiertos.<\/p>\n","protected":false},"excerpt":{"rendered":"<p>Este domingo, 7 de junio, a las 20:00 horas, el grupo de teatro de San Bartolom\u00e9 Ra\u00edces del Pueblo representar\u00e1 la obra \u2018No hay ladr\u00f3n que por bien no venga\u2019 en el Centro Sociocultural La Tegala de Har\u00eda. &nbsp; \u2018No hay ladr\u00f3n que por bien no venga\u2019 es una comedia de enredos escrita por Dario [&hellip;]<\/p>\n","protected":false},"author":2,"featured_media":0,"comment_status":"closed","ping_status":"closed","sticky":false,"template":"","format":"standard","meta":{"footnotes":""},"categories":[16,11],"tags":[],"class_list":["post-1662","post","type-post","status-publish","format-standard","hentry","category-cultura","category-hoja-de-haria"],"_links":{"self":[{"href":"https:\/\/www.ayuntamientodeharia.com\/haria\/wp-json\/wp\/v2\/posts\/1662","targetHints":{"allow":["GET"]}}],"collection":[{"href":"https:\/\/www.ayuntamientodeharia.com\/haria\/wp-json\/wp\/v2\/posts"}],"about":[{"href":"https:\/\/www.ayuntamientodeharia.com\/haria\/wp-json\/wp\/v2\/types\/post"}],"author":[{"embeddable":true,"href":"https:\/\/www.ayuntamientodeharia.com\/haria\/wp-json\/wp\/v2\/users\/2"}],"replies":[{"embeddable":true,"href":"https:\/\/www.ayuntamientodeharia.com\/haria\/wp-json\/wp\/v2\/comments?post=1662"}],"version-history":[{"count":0,"href":"https:\/\/www.ayuntamientodeharia.com\/haria\/wp-json\/wp\/v2\/posts\/1662\/revisions"}],"wp:attachment":[{"href":"https:\/\/www.ayuntamientodeharia.com\/haria\/wp-json\/wp\/v2\/media?parent=1662"}],"wp:term":[{"taxonomy":"category","embeddable":true,"href":"https:\/\/www.ayuntamientodeharia.com\/haria\/wp-json\/wp\/v2\/categories?post=1662"},{"taxonomy":"post_tag","embeddable":true,"href":"https:\/\/www.ayuntamientodeharia.com\/haria\/wp-json\/wp\/v2\/tags?post=1662"}],"curies":[{"name":"wp","href":"https:\/\/api.w.org\/{rel}","templated":true}]}}