{"id":1655,"date":"2015-06-05T09:57:31","date_gmt":"2015-06-05T09:57:31","guid":{"rendered":"http:\/\/www.ayuntamientodeharia.com\/haria\/?p=1655"},"modified":"2015-06-05T09:57:44","modified_gmt":"2015-06-05T09:57:44","slug":"campeonatos-de-badminton-san-juan-2015","status":"publish","type":"post","link":"https:\/\/www.ayuntamientodeharia.com\/haria\/campeonatos-de-badminton-san-juan-2015\/","title":{"rendered":"Campeonatos de B\u00e1dminton \u2018San Juan 2015\u2019"},"content":{"rendered":"<p>La Concejal\u00eda de Deportes del Ayuntamiento de Har\u00eda organiza un Campeonato de B\u00e1dminton que se celebrar\u00e1 el martes, 16 de junio, a las 16:00 horas, en el Pabell\u00f3n Municipal de Har\u00eda. Los encuentros se disputar\u00e1n de forma individual en las categor\u00edas SUB-13 mixta, OPEN masculino y OPEN femenino.<\/p>\n<p><!--more--><\/p>\n<p>Las personas interesadas en participar\u00e1n deber\u00e1n formalizar la inscripci\u00f3n, antes del lunes, 15 de junio, en el Gimnasio Municipal de Arrieta, de lunes a viernes, en horario de 16:00 a 21:00 horas, o bien llamando al 637 893 208 en el mismo horario, as\u00ed como a trav\u00e9s de los monitores del proyecto Recreate que se est\u00e1 desarrollando en el IES Har\u00eda.<\/p>\n","protected":false},"excerpt":{"rendered":"<p>La Concejal\u00eda de Deportes del Ayuntamiento de Har\u00eda organiza un Campeonato de B\u00e1dminton que se celebrar\u00e1 el martes, 16 de junio, a las 16:00 horas, en el Pabell\u00f3n Municipal de Har\u00eda. Los encuentros se disputar\u00e1n de forma individual en las categor\u00edas SUB-13 mixta, OPEN masculino y OPEN femenino.<\/p>\n","protected":false},"author":2,"featured_media":0,"comment_status":"closed","ping_status":"closed","sticky":false,"template":"","format":"standard","meta":{"footnotes":""},"categories":[17,11],"tags":[],"class_list":["post-1655","post","type-post","status-publish","format-standard","hentry","category-deportes","category-hoja-de-haria"],"_links":{"self":[{"href":"https:\/\/www.ayuntamientodeharia.com\/haria\/wp-json\/wp\/v2\/posts\/1655","targetHints":{"allow":["GET"]}}],"collection":[{"href":"https:\/\/www.ayuntamientodeharia.com\/haria\/wp-json\/wp\/v2\/posts"}],"about":[{"href":"https:\/\/www.ayuntamientodeharia.com\/haria\/wp-json\/wp\/v2\/types\/post"}],"author":[{"embeddable":true,"href":"https:\/\/www.ayuntamientodeharia.com\/haria\/wp-json\/wp\/v2\/users\/2"}],"replies":[{"embeddable":true,"href":"https:\/\/www.ayuntamientodeharia.com\/haria\/wp-json\/wp\/v2\/comments?post=1655"}],"version-history":[{"count":0,"href":"https:\/\/www.ayuntamientodeharia.com\/haria\/wp-json\/wp\/v2\/posts\/1655\/revisions"}],"wp:attachment":[{"href":"https:\/\/www.ayuntamientodeharia.com\/haria\/wp-json\/wp\/v2\/media?parent=1655"}],"wp:term":[{"taxonomy":"category","embeddable":true,"href":"https:\/\/www.ayuntamientodeharia.com\/haria\/wp-json\/wp\/v2\/categories?post=1655"},{"taxonomy":"post_tag","embeddable":true,"href":"https:\/\/www.ayuntamientodeharia.com\/haria\/wp-json\/wp\/v2\/tags?post=1655"}],"curies":[{"name":"wp","href":"https:\/\/api.w.org\/{rel}","templated":true}]}}