{"id":1653,"date":"2015-06-05T09:54:50","date_gmt":"2015-06-05T09:54:50","guid":{"rendered":"http:\/\/www.ayuntamientodeharia.com\/haria\/?p=1653"},"modified":"2015-06-05T09:55:08","modified_gmt":"2015-06-05T09:55:08","slug":"reunion-con-los-vecinos-de-maguez","status":"publish","type":"post","link":"https:\/\/www.ayuntamientodeharia.com\/haria\/reunion-con-los-vecinos-de-maguez\/","title":{"rendered":"Reuni\u00f3n con los vecinos de M\u00e1guez"},"content":{"rendered":"<p>La Directiva del Centro Democr\u00e1tico convoca a los vecinos del pueblo de M\u00e1guez a una reuni\u00f3n que tendr\u00e1 lugar el martes, 9 de junio, a las 21:00 horas, en los salones del Centro.<\/p>\n<p>&nbsp;<\/p>\n<p>Durante el transcurso del encuentro quedar\u00e1 constituida la Comisi\u00f3n de Fiestas encargada de elaborar el programa de las Fiestas de San Pedro.<\/p>\n","protected":false},"excerpt":{"rendered":"<p>La Directiva del Centro Democr\u00e1tico convoca a los vecinos del pueblo de M\u00e1guez a una reuni\u00f3n que tendr\u00e1 lugar el martes, 9 de junio, a las 21:00 horas, en los salones del Centro. &nbsp; Durante el transcurso del encuentro quedar\u00e1 constituida la Comisi\u00f3n de Fiestas encargada de elaborar el programa de las Fiestas de San [&hellip;]<\/p>\n","protected":false},"author":2,"featured_media":0,"comment_status":"closed","ping_status":"closed","sticky":false,"template":"","format":"standard","meta":{"footnotes":""},"categories":[32,11],"tags":[],"class_list":["post-1653","post","type-post","status-publish","format-standard","hentry","category-anuncios","category-hoja-de-haria"],"_links":{"self":[{"href":"https:\/\/www.ayuntamientodeharia.com\/haria\/wp-json\/wp\/v2\/posts\/1653","targetHints":{"allow":["GET"]}}],"collection":[{"href":"https:\/\/www.ayuntamientodeharia.com\/haria\/wp-json\/wp\/v2\/posts"}],"about":[{"href":"https:\/\/www.ayuntamientodeharia.com\/haria\/wp-json\/wp\/v2\/types\/post"}],"author":[{"embeddable":true,"href":"https:\/\/www.ayuntamientodeharia.com\/haria\/wp-json\/wp\/v2\/users\/2"}],"replies":[{"embeddable":true,"href":"https:\/\/www.ayuntamientodeharia.com\/haria\/wp-json\/wp\/v2\/comments?post=1653"}],"version-history":[{"count":0,"href":"https:\/\/www.ayuntamientodeharia.com\/haria\/wp-json\/wp\/v2\/posts\/1653\/revisions"}],"wp:attachment":[{"href":"https:\/\/www.ayuntamientodeharia.com\/haria\/wp-json\/wp\/v2\/media?parent=1653"}],"wp:term":[{"taxonomy":"category","embeddable":true,"href":"https:\/\/www.ayuntamientodeharia.com\/haria\/wp-json\/wp\/v2\/categories?post=1653"},{"taxonomy":"post_tag","embeddable":true,"href":"https:\/\/www.ayuntamientodeharia.com\/haria\/wp-json\/wp\/v2\/tags?post=1653"}],"curies":[{"name":"wp","href":"https:\/\/api.w.org\/{rel}","templated":true}]}}