{"id":16521,"date":"2019-08-09T12:09:39","date_gmt":"2019-08-09T12:09:39","guid":{"rendered":"https:\/\/www.ayuntamientodeharia.com\/haria\/?p=16521"},"modified":"2019-08-09T12:09:39","modified_gmt":"2019-08-09T12:09:39","slug":"presentacion-de-momento-de-parar-el-nuevo-libro-de-ico-toledo","status":"publish","type":"post","link":"https:\/\/www.ayuntamientodeharia.com\/haria\/presentacion-de-momento-de-parar-el-nuevo-libro-de-ico-toledo\/","title":{"rendered":"Presentaci\u00f3n de \u2018Momento de parar\u2019, el nuevo libro de Ico Toledo"},"content":{"rendered":"<p><img decoding=\"async\" class=\"alignleft size-thumbnail wp-image-16478\" src=\"https:\/\/www.ayuntamientodeharia.com\/haria\/wp-content\/uploads\/2019\/08\/icotoledo-150x150.png\" alt=\"\" width=\"150\" height=\"150\" \/>Esteban Rodr\u00edguez Eugenio, cronista oficial del municipio de Yaiza, presentar\u00e1 este s\u00e1bado, 10 de agosto, a las 12:00 horas, el nuevo libro de la escritora Ico Toledo Perdomo titulado \u2018Momento de parar\u2019, en la sala de exposiciones El Aljibe de Har\u00eda.<\/p>\n<p><!--more--><\/p>\n<p>&nbsp;<\/p>\n<p>Ico Toledo Perdomo, enfermera de profesi\u00f3n y escritora de vocaci\u00f3n, nos invita a disfrutar con la lectura de sus nuevos relatos, donde la realidad y la ficci\u00f3n se entremezclan para hacernos vivir historias cargadas de sentimientos.<\/p>\n<p>&nbsp;<\/p>\n<p>Esta actividad forma parte del plan de dinamizaci\u00f3n de la sala de exposiciones organizado por la Concejal\u00eda de Cultura, coordinada por Famara Gonz\u00e1lez.<\/p>\n<p>&nbsp;<\/p>\n","protected":false},"excerpt":{"rendered":"<p>Esteban Rodr\u00edguez Eugenio, cronista oficial del municipio de Yaiza, presentar\u00e1 este s\u00e1bado, 10 de agosto, a las 12:00 horas, el nuevo libro de la escritora Ico Toledo Perdomo titulado \u2018Momento de parar\u2019, en la sala de exposiciones El Aljibe de Har\u00eda.<\/p>\n","protected":false},"author":7,"featured_media":0,"comment_status":"closed","ping_status":"closed","sticky":false,"template":"","format":"standard","meta":{"footnotes":""},"categories":[16,11,97],"tags":[],"class_list":["post-16521","post","type-post","status-publish","format-standard","hentry","category-cultura","category-hoja-de-haria","category-sala-el-aljibe-de-haria"],"_links":{"self":[{"href":"https:\/\/www.ayuntamientodeharia.com\/haria\/wp-json\/wp\/v2\/posts\/16521","targetHints":{"allow":["GET"]}}],"collection":[{"href":"https:\/\/www.ayuntamientodeharia.com\/haria\/wp-json\/wp\/v2\/posts"}],"about":[{"href":"https:\/\/www.ayuntamientodeharia.com\/haria\/wp-json\/wp\/v2\/types\/post"}],"author":[{"embeddable":true,"href":"https:\/\/www.ayuntamientodeharia.com\/haria\/wp-json\/wp\/v2\/users\/7"}],"replies":[{"embeddable":true,"href":"https:\/\/www.ayuntamientodeharia.com\/haria\/wp-json\/wp\/v2\/comments?post=16521"}],"version-history":[{"count":1,"href":"https:\/\/www.ayuntamientodeharia.com\/haria\/wp-json\/wp\/v2\/posts\/16521\/revisions"}],"predecessor-version":[{"id":16522,"href":"https:\/\/www.ayuntamientodeharia.com\/haria\/wp-json\/wp\/v2\/posts\/16521\/revisions\/16522"}],"wp:attachment":[{"href":"https:\/\/www.ayuntamientodeharia.com\/haria\/wp-json\/wp\/v2\/media?parent=16521"}],"wp:term":[{"taxonomy":"category","embeddable":true,"href":"https:\/\/www.ayuntamientodeharia.com\/haria\/wp-json\/wp\/v2\/categories?post=16521"},{"taxonomy":"post_tag","embeddable":true,"href":"https:\/\/www.ayuntamientodeharia.com\/haria\/wp-json\/wp\/v2\/tags?post=16521"}],"curies":[{"name":"wp","href":"https:\/\/api.w.org\/{rel}","templated":true}]}}