{"id":16517,"date":"2019-08-09T12:04:40","date_gmt":"2019-08-09T12:04:40","guid":{"rendered":"https:\/\/www.ayuntamientodeharia.com\/haria\/?p=16517"},"modified":"2019-08-09T12:04:40","modified_gmt":"2019-08-09T12:04:40","slug":"adorno-de-fachadas-por-santa-rosa-de-lima","status":"publish","type":"post","link":"https:\/\/www.ayuntamientodeharia.com\/haria\/adorno-de-fachadas-por-santa-rosa-de-lima\/","title":{"rendered":"Adorno de fachadas por Santa Rosa de Lima"},"content":{"rendered":"<p><img decoding=\"async\" class=\"alignleft size-thumbnail wp-image-2394\" src=\"https:\/\/www.ayuntamientodeharia.com\/haria\/wp-content\/uploads\/2015\/09\/fachada-3-150x150.jpg\" alt=\"\" width=\"150\" height=\"150\" \/>La Concejal\u00eda de Festejos, coordinada por Soraya Brito, comunica a los vecinos de \u00d3rzola que quienes est\u00e9n interesados en adornar la fachada de sus casas durante las fiestas de Santa Rosa de Lima pueden pasar el martes 13 de agosto, a partir de las 19:00 horas, por el Centro Sociocultural El Calet\u00f3n.<\/p>\n","protected":false},"excerpt":{"rendered":"<p>La Concejal\u00eda de Festejos, coordinada por Soraya Brito, comunica a los vecinos de \u00d3rzola que quienes est\u00e9n interesados en adornar la fachada de sus casas durante las fiestas de Santa Rosa de Lima pueden pasar el martes 13 de agosto, a partir de las 19:00 horas, por el Centro Sociocultural El Calet\u00f3n.<\/p>\n","protected":false},"author":7,"featured_media":0,"comment_status":"closed","ping_status":"closed","sticky":false,"template":"","format":"standard","meta":{"footnotes":""},"categories":[15,11],"tags":[],"class_list":["post-16517","post","type-post","status-publish","format-standard","hentry","category-festejos","category-hoja-de-haria"],"_links":{"self":[{"href":"https:\/\/www.ayuntamientodeharia.com\/haria\/wp-json\/wp\/v2\/posts\/16517","targetHints":{"allow":["GET"]}}],"collection":[{"href":"https:\/\/www.ayuntamientodeharia.com\/haria\/wp-json\/wp\/v2\/posts"}],"about":[{"href":"https:\/\/www.ayuntamientodeharia.com\/haria\/wp-json\/wp\/v2\/types\/post"}],"author":[{"embeddable":true,"href":"https:\/\/www.ayuntamientodeharia.com\/haria\/wp-json\/wp\/v2\/users\/7"}],"replies":[{"embeddable":true,"href":"https:\/\/www.ayuntamientodeharia.com\/haria\/wp-json\/wp\/v2\/comments?post=16517"}],"version-history":[{"count":1,"href":"https:\/\/www.ayuntamientodeharia.com\/haria\/wp-json\/wp\/v2\/posts\/16517\/revisions"}],"predecessor-version":[{"id":16518,"href":"https:\/\/www.ayuntamientodeharia.com\/haria\/wp-json\/wp\/v2\/posts\/16517\/revisions\/16518"}],"wp:attachment":[{"href":"https:\/\/www.ayuntamientodeharia.com\/haria\/wp-json\/wp\/v2\/media?parent=16517"}],"wp:term":[{"taxonomy":"category","embeddable":true,"href":"https:\/\/www.ayuntamientodeharia.com\/haria\/wp-json\/wp\/v2\/categories?post=16517"},{"taxonomy":"post_tag","embeddable":true,"href":"https:\/\/www.ayuntamientodeharia.com\/haria\/wp-json\/wp\/v2\/tags?post=16517"}],"curies":[{"name":"wp","href":"https:\/\/api.w.org\/{rel}","templated":true}]}}