{"id":16515,"date":"2019-08-09T11:57:23","date_gmt":"2019-08-09T11:57:23","guid":{"rendered":"https:\/\/www.ayuntamientodeharia.com\/haria\/?p=16515"},"modified":"2019-08-16T16:58:04","modified_gmt":"2019-08-16T16:58:04","slug":"adelanto-fiestas-de-santa-rosa-de-lima-orzola-2019","status":"publish","type":"post","link":"https:\/\/www.ayuntamientodeharia.com\/haria\/adelanto-fiestas-de-santa-rosa-de-lima-orzola-2019\/","title":{"rendered":"Fiestas de Santa Rosa de Lima \u2013 \u00d3rzola 2019"},"content":{"rendered":"<p><strong>Viernes 16 de agosto <\/strong><\/p>\n<p>&nbsp;<\/p>\n<p>Engalanamiento del pueblo.<\/p>\n<p>10:30 a 12:30h. \u00d3rzola Joven. Baile<\/p>\n<p>19:30h. Encendido inaugural de las Fiestas Santa Rosa de Lima 2019 con m\u00fasica en vivo a cargo del Centro Sociocultural Calet\u00f3n Blanco.<\/p>\n<p>21:00h. Pasacalle con zancudos y batukada<\/p>\n<p>22:00h. Plan B \u2013White Friday. Fiesta de la espuma con DJ Javi Fajardo, DJ Ale Ossorio, Dj Ruyman Gonz\u00e1lez y DJ Johny.<\/p>\n<p>&nbsp;<\/p>\n<p><strong>S\u00e1bado 17 de agosto<\/strong><\/p>\n<p>&nbsp;<\/p>\n<p>10:00h. Salida del Encuentro Pesca de Altura Santa Rosa de Lima 2019.<\/p>\n<p>11:30h. Concurso de dibujo.<\/p>\n<p>13:30h. Nataci\u00f3n infantil en el muelle.<\/p>\n<p>19:00h. Pesada del Encuentro de Pesca de Altura Santa Rosa de Lima 2019.<\/p>\n<p>18:00h. Bingo.<\/p>\n<p>20:00h. Sorteo y comienzo del Campeonato de Truco.<\/p>\n<p>&nbsp;<\/p>\n<p><strong>Domingo 18 de agosto <\/strong><\/p>\n<p>&nbsp;<\/p>\n<p>12:00 a 16:00 h. Fiesta infantil en la Playa Calet\u00f3n Blanco con colchonetas, body painting y muchas sorpresas m\u00e1s. \u00a1Trae tu picnic y comparte el d\u00eda con nosotros!<\/p>\n<p>13:00h. F\u00fatbol playa -13 a\u00f1os. Playa Calet\u00f3n Blanco.<\/p>\n<p>19:00h. Sorteo y comienzo del Campeonato de bola juvenil femenina.<\/p>\n<p>20:00h. Sorteo y comienzo del Campeonato de envite.<\/p>\n<p>&nbsp;<\/p>\n<p><strong>Lunes 19 de agosto<\/strong><\/p>\n<p>&nbsp;<\/p>\n<p>10:30 a 12:30h. \u00d3rzola Joven. Ritmo y movimiento.<\/p>\n<p>13:30h. Nataci\u00f3n adultos en el muelle.<\/p>\n<p>19:00h. Sorteo y comienzo del Campeonato de cinquillo.<\/p>\n<p>21:30h. Playback de 0 a 99 a\u00f1os.<\/p>\n<p>&nbsp;<\/p>\n<p><strong>Martes 20 de agosto<\/strong><\/p>\n<p>&nbsp;<\/p>\n<p>10:30 a 12:30h. \u00d3rzola Joven. Juegos y deporte<\/p>\n<p>11:00h. Taller infantil de creaci\u00f3n de pamelas.<\/p>\n<p>13:30h. Regata de colchonetas infantil.<\/p>\n<p>16:30 a 18:00. \u00d3rzola Joven. Taller de DJ.<\/p>\n<p>18:30h. Concurso de reposter\u00eda.<\/p>\n<p>20:00h. Sorteo y comienzo del Campeonato de bola juvenil masculina.<\/p>\n<p>22:00h. Noche de los monstruos. Direcci\u00f3n: Tony Mart\u00ednez. Colabora: Grupo de teatro Barranco La Negra\u2013Arrieta. A continuaci\u00f3n, cine de terror.<\/p>\n<p>&nbsp;<\/p>\n<p><strong>Mi\u00e9rcoles 21 de agosto<\/strong><\/p>\n<p>&nbsp;<\/p>\n<p>10:30 a 12:30 h. \u00d3rzola Joven. Taller de pintura<\/p>\n<p>11:00h. Taller infantil de creaci\u00f3n de pamelas.<\/p>\n<p>13:30h. Regata de chalanas.<\/p>\n<p>18:00h. Fiesta Infantil La Pamelita con desfile de las creaciones del taller impartido, juegos y mucho m\u00e1s.<\/p>\n<p>21:30h. Proyecci\u00f3n de cine.<\/p>\n<p>23:30h. Hora golfa, proyecci\u00f3n de cine para adultos.<\/p>\n<p>&nbsp;<\/p>\n<p><strong>Jueves 22 de agosto<\/strong><\/p>\n<p>&nbsp;<\/p>\n<p>10:30 a 12:30h. \u00d3rzola Joven. Juegos de agua.<\/p>\n<p>13:30h. Pesca infantil.<\/p>\n<p>16:30 a 18:00h. \u00d3rzola Joven. Taller de DJ.<\/p>\n<p>19:00h. Sorteo y comienzo del Campeonato de Chinch\u00f3n.<\/p>\n<p>22:00h. Clausura del Taller de DJ y concierto a cargo del grupo Sin Cobertura.<\/p>\n<p>&nbsp;<\/p>\n<p><strong>Viernes 23 de agosto<\/strong><\/p>\n<p>&nbsp;<\/p>\n<p>10:30 a 12:30. \u00d3rzola Joven. Juguetes de viento<\/p>\n<p>13:30h. Regata de colchonetas para adultos.<\/p>\n<p>18:00h. Presentaci\u00f3n del libro \u2018El viaje de Yazmina\u2019 y firma de libros por Yazmina Delgado Brito.<\/p>\n<p>20:00h. Maridaje de vinos y quesos.<\/p>\n<p>21:30h. Asadero popular con la quema de Quevedo y fiesta canaria con las parrandas Los Gurfines Son del Norte y D\u00fao Hermanos Hern\u00e1ndez.<\/p>\n<p>&nbsp;<\/p>\n<p><strong>S\u00e1bado 24 de agosto<\/strong><\/p>\n<p>&nbsp;<\/p>\n<p>11:00h. Futbol playa para + 13 a\u00f1os en La Playa La Canter\u00eda.<\/p>\n<p>13:30h. Cuca\u00f1a en el muelle.<\/p>\n<p>18:00h. Carrera de flotadores gigantes en El Lajiar (por categor\u00edas)<\/p>\n<p>21:30h. Espect\u00e1culo de baile Lanzarote Baila y entrega de Trofeos Santa Rosa de Lima 2019.<\/p>\n<p>23:00h. Gran verbena popular en el muelle con la Orquesta RikaBanda y Los Conejeros.<\/p>\n<p>&nbsp;<\/p>\n<p><strong>Domingo 25 de agosto<\/strong><\/p>\n<p>&nbsp;<\/p>\n<p>12:30h. Master Class de Zumba.<\/p>\n<p>13:30h. Verbena del agua en el muelle con el Grupo Naiyimbe.<\/p>\n<p>17:00h. Misa con el grupo Alborada y procesi\u00f3n en honor a Santa Rosa de Lima, acompa\u00f1ada por la banda Teguiband.<\/p>\n<p>A continuaci\u00f3n, verbena de d\u00eda en el muelle con Los Conejeros y Nany Jim\u00e9nez y rifa.<\/p>\n<p>Fuegos artificiales.<\/p>\n","protected":false},"excerpt":{"rendered":"<p>Viernes 16 de agosto &nbsp; Engalanamiento del pueblo. 10:30 a 12:30h. \u00d3rzola Joven. Baile 19:30h. Encendido inaugural de las Fiestas Santa Rosa de Lima 2019 con m\u00fasica en vivo a cargo del Centro Sociocultural Calet\u00f3n Blanco. 21:00h. Pasacalle con zancudos y batukada 22:00h. Plan B \u2013White Friday. Fiesta de la espuma con DJ Javi Fajardo, [&hellip;]<\/p>\n","protected":false},"author":7,"featured_media":16538,"comment_status":"closed","ping_status":"closed","sticky":false,"template":"","format":"standard","meta":{"footnotes":""},"categories":[15,11],"tags":[],"class_list":["post-16515","post","type-post","status-publish","format-standard","has-post-thumbnail","hentry","category-festejos","category-hoja-de-haria"],"_links":{"self":[{"href":"https:\/\/www.ayuntamientodeharia.com\/haria\/wp-json\/wp\/v2\/posts\/16515","targetHints":{"allow":["GET"]}}],"collection":[{"href":"https:\/\/www.ayuntamientodeharia.com\/haria\/wp-json\/wp\/v2\/posts"}],"about":[{"href":"https:\/\/www.ayuntamientodeharia.com\/haria\/wp-json\/wp\/v2\/types\/post"}],"author":[{"embeddable":true,"href":"https:\/\/www.ayuntamientodeharia.com\/haria\/wp-json\/wp\/v2\/users\/7"}],"replies":[{"embeddable":true,"href":"https:\/\/www.ayuntamientodeharia.com\/haria\/wp-json\/wp\/v2\/comments?post=16515"}],"version-history":[{"count":5,"href":"https:\/\/www.ayuntamientodeharia.com\/haria\/wp-json\/wp\/v2\/posts\/16515\/revisions"}],"predecessor-version":[{"id":16543,"href":"https:\/\/www.ayuntamientodeharia.com\/haria\/wp-json\/wp\/v2\/posts\/16515\/revisions\/16543"}],"wp:featuredmedia":[{"embeddable":true,"href":"https:\/\/www.ayuntamientodeharia.com\/haria\/wp-json\/wp\/v2\/media\/16538"}],"wp:attachment":[{"href":"https:\/\/www.ayuntamientodeharia.com\/haria\/wp-json\/wp\/v2\/media?parent=16515"}],"wp:term":[{"taxonomy":"category","embeddable":true,"href":"https:\/\/www.ayuntamientodeharia.com\/haria\/wp-json\/wp\/v2\/categories?post=16515"},{"taxonomy":"post_tag","embeddable":true,"href":"https:\/\/www.ayuntamientodeharia.com\/haria\/wp-json\/wp\/v2\/tags?post=16515"}],"curies":[{"name":"wp","href":"https:\/\/api.w.org\/{rel}","templated":true}]}}