{"id":16505,"date":"2019-08-05T09:39:42","date_gmt":"2019-08-05T09:39:42","guid":{"rendered":"https:\/\/www.ayuntamientodeharia.com\/haria\/?p=16505"},"modified":"2019-08-05T09:39:42","modified_gmt":"2019-08-05T09:39:42","slug":"invitacion-para-participar-en-la-organizacion-de-las-fiestas-de-el-pino","status":"publish","type":"post","link":"https:\/\/www.ayuntamientodeharia.com\/haria\/invitacion-para-participar-en-la-organizacion-de-las-fiestas-de-el-pino\/","title":{"rendered":"Invitaci\u00f3n para participar en la organizaci\u00f3n de las fiestas de El Pino"},"content":{"rendered":"<p>La concejala de Festejos, Soraya Brito, invita a los vecinos de Punta Mujeres a participar en la organizaci\u00f3n de las fiestas El Pino. Para ello convoca una reuni\u00f3n que tendr\u00e1 lugar el martes 6 de agosto, a las 18:00 horas, en el CSC El Marinero.<\/p>\n","protected":false},"excerpt":{"rendered":"<p>La concejala de Festejos, Soraya Brito, invita a los vecinos de Punta Mujeres a participar en la organizaci\u00f3n de las fiestas El Pino. Para ello convoca una reuni\u00f3n que tendr\u00e1 lugar el martes 6 de agosto, a las 18:00 horas, en el CSC El Marinero.<\/p>\n","protected":false},"author":6,"featured_media":16506,"comment_status":"closed","ping_status":"closed","sticky":false,"template":"","format":"standard","meta":{"footnotes":""},"categories":[15],"tags":[],"class_list":["post-16505","post","type-post","status-publish","format-standard","has-post-thumbnail","hentry","category-festejos"],"_links":{"self":[{"href":"https:\/\/www.ayuntamientodeharia.com\/haria\/wp-json\/wp\/v2\/posts\/16505","targetHints":{"allow":["GET"]}}],"collection":[{"href":"https:\/\/www.ayuntamientodeharia.com\/haria\/wp-json\/wp\/v2\/posts"}],"about":[{"href":"https:\/\/www.ayuntamientodeharia.com\/haria\/wp-json\/wp\/v2\/types\/post"}],"author":[{"embeddable":true,"href":"https:\/\/www.ayuntamientodeharia.com\/haria\/wp-json\/wp\/v2\/users\/6"}],"replies":[{"embeddable":true,"href":"https:\/\/www.ayuntamientodeharia.com\/haria\/wp-json\/wp\/v2\/comments?post=16505"}],"version-history":[{"count":1,"href":"https:\/\/www.ayuntamientodeharia.com\/haria\/wp-json\/wp\/v2\/posts\/16505\/revisions"}],"predecessor-version":[{"id":16507,"href":"https:\/\/www.ayuntamientodeharia.com\/haria\/wp-json\/wp\/v2\/posts\/16505\/revisions\/16507"}],"wp:featuredmedia":[{"embeddable":true,"href":"https:\/\/www.ayuntamientodeharia.com\/haria\/wp-json\/wp\/v2\/media\/16506"}],"wp:attachment":[{"href":"https:\/\/www.ayuntamientodeharia.com\/haria\/wp-json\/wp\/v2\/media?parent=16505"}],"wp:term":[{"taxonomy":"category","embeddable":true,"href":"https:\/\/www.ayuntamientodeharia.com\/haria\/wp-json\/wp\/v2\/categories?post=16505"},{"taxonomy":"post_tag","embeddable":true,"href":"https:\/\/www.ayuntamientodeharia.com\/haria\/wp-json\/wp\/v2\/tags?post=16505"}],"curies":[{"name":"wp","href":"https:\/\/api.w.org\/{rel}","templated":true}]}}