{"id":16366,"date":"2019-07-12T11:55:39","date_gmt":"2019-07-12T11:55:39","guid":{"rendered":"https:\/\/www.ayuntamientodeharia.com\/haria\/?p=16366"},"modified":"2019-07-12T11:55:39","modified_gmt":"2019-07-12T11:55:39","slug":"luz-verde-a-las-obras-de-la-nueva-pasarela-de-arrieta","status":"publish","type":"post","link":"https:\/\/www.ayuntamientodeharia.com\/haria\/luz-verde-a-las-obras-de-la-nueva-pasarela-de-arrieta\/","title":{"rendered":"Luz verde a las obras de la nueva pasarela de Arrieta"},"content":{"rendered":"<p>El Ayuntamiento norte\u00f1o se congratula de que la Consejer\u00eda de Turismo, Cultura y Deportes del Gobierno de Canarias en funciones haya dado\u00a0luz verde a la contrataci\u00f3n de las obras de la pasarela y el solarium de la playa de Arrieta, con una inversi\u00f3n de casi 400.000 euros.<\/p>\n<p><!--more--><\/p>\n<p>&nbsp;<\/p>\n<p>El plazo de ejecuci\u00f3n de la obra se establece en\u00a0cinco meses\u00a0desde el comienzo de los trabajos, que se estima en torno al mes de septiembre. El objetivo de la obra es dotarla de una zona de sombra que contar\u00e1 adem\u00e1s con mobiliario urbano y que fomentar\u00e1 la rehabilitaci\u00f3n de este espacio, que ya ha iniciado el Ayuntamiento con una serie de obras encaminadas a mejorarlo de forma significativa.<\/p>\n<p>&nbsp;<\/p>\n<p>\u201cEsta iniciativa la pusimos en marcha en 2016\u201d, se\u00f1ala el hasta ahora alcalde, Marci Acu\u00f1a, quien destaca que \u201cse trata de una infraestructura que el anterior grupo de gobierno hab\u00eda dejado totalmente abandonada durante 20 a\u00f1os y que nos propusimos arreglar, en estrecha colaboraci\u00f3n con el Gobierno de Canarias\u201d.<\/p>\n","protected":false},"excerpt":{"rendered":"<p>El Ayuntamiento norte\u00f1o se congratula de que la Consejer\u00eda de Turismo, Cultura y Deportes del Gobierno de Canarias en funciones haya dado\u00a0luz verde a la contrataci\u00f3n de las obras de la pasarela y el solarium de la playa de Arrieta, con una inversi\u00f3n de casi 400.000 euros.<\/p>\n","protected":false},"author":7,"featured_media":16367,"comment_status":"closed","ping_status":"closed","sticky":false,"template":"","format":"standard","meta":{"footnotes":""},"categories":[73,11,81],"tags":[],"class_list":["post-16366","post","type-post","status-publish","format-standard","has-post-thumbnail","hentry","category-alcaldia","category-hoja-de-haria","category-municipio"],"_links":{"self":[{"href":"https:\/\/www.ayuntamientodeharia.com\/haria\/wp-json\/wp\/v2\/posts\/16366","targetHints":{"allow":["GET"]}}],"collection":[{"href":"https:\/\/www.ayuntamientodeharia.com\/haria\/wp-json\/wp\/v2\/posts"}],"about":[{"href":"https:\/\/www.ayuntamientodeharia.com\/haria\/wp-json\/wp\/v2\/types\/post"}],"author":[{"embeddable":true,"href":"https:\/\/www.ayuntamientodeharia.com\/haria\/wp-json\/wp\/v2\/users\/7"}],"replies":[{"embeddable":true,"href":"https:\/\/www.ayuntamientodeharia.com\/haria\/wp-json\/wp\/v2\/comments?post=16366"}],"version-history":[{"count":1,"href":"https:\/\/www.ayuntamientodeharia.com\/haria\/wp-json\/wp\/v2\/posts\/16366\/revisions"}],"predecessor-version":[{"id":16368,"href":"https:\/\/www.ayuntamientodeharia.com\/haria\/wp-json\/wp\/v2\/posts\/16366\/revisions\/16368"}],"wp:featuredmedia":[{"embeddable":true,"href":"https:\/\/www.ayuntamientodeharia.com\/haria\/wp-json\/wp\/v2\/media\/16367"}],"wp:attachment":[{"href":"https:\/\/www.ayuntamientodeharia.com\/haria\/wp-json\/wp\/v2\/media?parent=16366"}],"wp:term":[{"taxonomy":"category","embeddable":true,"href":"https:\/\/www.ayuntamientodeharia.com\/haria\/wp-json\/wp\/v2\/categories?post=16366"},{"taxonomy":"post_tag","embeddable":true,"href":"https:\/\/www.ayuntamientodeharia.com\/haria\/wp-json\/wp\/v2\/tags?post=16366"}],"curies":[{"name":"wp","href":"https:\/\/api.w.org\/{rel}","templated":true}]}}