{"id":16360,"date":"2019-07-12T11:52:04","date_gmt":"2019-07-12T11:52:04","guid":{"rendered":"https:\/\/www.ayuntamientodeharia.com\/haria\/?p=16360"},"modified":"2019-07-12T11:52:04","modified_gmt":"2019-07-12T11:52:04","slug":"reasfaltado-de-calles-en-maguez","status":"publish","type":"post","link":"https:\/\/www.ayuntamientodeharia.com\/haria\/reasfaltado-de-calles-en-maguez\/","title":{"rendered":"Reasfaltado de calles en M\u00e1guez"},"content":{"rendered":"<p>El Ayuntamiento de Har\u00eda, a trav\u00e9s de la Concejal\u00eda de Infraestructuras Viarias, coordinada por Armando Bonilla, ha invertido 49.659,34 euros en la rehabilitaci\u00f3n del firme de las calles El Tef\u00edo, Alpidio Curbelo y un tramo de la calle El Dice del pueblo de M\u00e1guez.<\/p>\n<p><!--more--><\/p>\n<p>&nbsp;<\/p>\n<p>El actual firme presenta agrietamientos, desintegraci\u00f3n, deformaciones y baches, por lo que los trabajos que se est\u00e1n ejecutando consisten en la rehabilitaci\u00f3n superficial del firme asfaltico, recrecido de tapas de registro existentes, adapt\u00e1ndolas a la nueva rasante, colocaci\u00f3n de quicialeras realizadas en piedra de 4 cm. de espesor, en la parte baja de acceso a viviendas, por encontrase estas a una cota similar a la que tiene hoy en d\u00eda la rasante de la calle, colocaci\u00f3n de rejillas de imbornales para la recogida de aguas de lluvia, as\u00ed como el pintado de se\u00f1alizaci\u00f3n horizontal.<\/p>\n","protected":false},"excerpt":{"rendered":"<p>El Ayuntamiento de Har\u00eda, a trav\u00e9s de la Concejal\u00eda de Infraestructuras Viarias, coordinada por Armando Bonilla, ha invertido 49.659,34 euros en la rehabilitaci\u00f3n del firme de las calles El Tef\u00edo, Alpidio Curbelo y un tramo de la calle El Dice del pueblo de M\u00e1guez.<\/p>\n","protected":false},"author":7,"featured_media":16361,"comment_status":"closed","ping_status":"closed","sticky":false,"template":"","format":"standard","meta":{"footnotes":""},"categories":[11,23],"tags":[],"class_list":["post-16360","post","type-post","status-publish","format-standard","has-post-thumbnail","hentry","category-hoja-de-haria","category-obras-y-servicios"],"_links":{"self":[{"href":"https:\/\/www.ayuntamientodeharia.com\/haria\/wp-json\/wp\/v2\/posts\/16360","targetHints":{"allow":["GET"]}}],"collection":[{"href":"https:\/\/www.ayuntamientodeharia.com\/haria\/wp-json\/wp\/v2\/posts"}],"about":[{"href":"https:\/\/www.ayuntamientodeharia.com\/haria\/wp-json\/wp\/v2\/types\/post"}],"author":[{"embeddable":true,"href":"https:\/\/www.ayuntamientodeharia.com\/haria\/wp-json\/wp\/v2\/users\/7"}],"replies":[{"embeddable":true,"href":"https:\/\/www.ayuntamientodeharia.com\/haria\/wp-json\/wp\/v2\/comments?post=16360"}],"version-history":[{"count":1,"href":"https:\/\/www.ayuntamientodeharia.com\/haria\/wp-json\/wp\/v2\/posts\/16360\/revisions"}],"predecessor-version":[{"id":16362,"href":"https:\/\/www.ayuntamientodeharia.com\/haria\/wp-json\/wp\/v2\/posts\/16360\/revisions\/16362"}],"wp:featuredmedia":[{"embeddable":true,"href":"https:\/\/www.ayuntamientodeharia.com\/haria\/wp-json\/wp\/v2\/media\/16361"}],"wp:attachment":[{"href":"https:\/\/www.ayuntamientodeharia.com\/haria\/wp-json\/wp\/v2\/media?parent=16360"}],"wp:term":[{"taxonomy":"category","embeddable":true,"href":"https:\/\/www.ayuntamientodeharia.com\/haria\/wp-json\/wp\/v2\/categories?post=16360"},{"taxonomy":"post_tag","embeddable":true,"href":"https:\/\/www.ayuntamientodeharia.com\/haria\/wp-json\/wp\/v2\/tags?post=16360"}],"curies":[{"name":"wp","href":"https:\/\/api.w.org\/{rel}","templated":true}]}}