{"id":16357,"date":"2019-07-12T11:51:01","date_gmt":"2019-07-12T11:51:01","guid":{"rendered":"https:\/\/www.ayuntamientodeharia.com\/haria\/?p=16357"},"modified":"2019-07-12T11:51:01","modified_gmt":"2019-07-12T11:51:01","slug":"nuevo-taller-para-aprender-a-elaborar-pan","status":"publish","type":"post","link":"https:\/\/www.ayuntamientodeharia.com\/haria\/nuevo-taller-para-aprender-a-elaborar-pan\/","title":{"rendered":"Nuevo taller para aprender a elaborar pan"},"content":{"rendered":"<p>La Concejal\u00eda de Artesan\u00eda, coordinada por Soraya Brito, organiza un nuevo taller para aprender a elaborar pan los d\u00edas 19 y 20 de julio, tras las solicitudes recibidas.<\/p>\n<p><!--more--><\/p>\n<p>&nbsp;<\/p>\n<p>Las personas interesadas en participar en el taller deber\u00e1n realizar la inscripci\u00f3n en el departamento de Artesan\u00eda lo antes posible, ya que las plazas son limitadas y se ir\u00e1n cubriendo por orden de inscripci\u00f3n.<\/p>\n<p>&nbsp;<\/p>\n<p>Desde la Concejal\u00eda se quiere agradecer p\u00fablicamente la colaboraci\u00f3n desinteresada de Karl Kunze en la impartici\u00f3n del taller.<\/p>\n","protected":false},"excerpt":{"rendered":"<p>La Concejal\u00eda de Artesan\u00eda, coordinada por Soraya Brito, organiza un nuevo taller para aprender a elaborar pan los d\u00edas 19 y 20 de julio, tras las solicitudes recibidas.<\/p>\n","protected":false},"author":7,"featured_media":16358,"comment_status":"closed","ping_status":"closed","sticky":false,"template":"","format":"standard","meta":{"footnotes":""},"categories":[66,11],"tags":[],"class_list":["post-16357","post","type-post","status-publish","format-standard","has-post-thumbnail","hentry","category-artesania","category-hoja-de-haria"],"_links":{"self":[{"href":"https:\/\/www.ayuntamientodeharia.com\/haria\/wp-json\/wp\/v2\/posts\/16357","targetHints":{"allow":["GET"]}}],"collection":[{"href":"https:\/\/www.ayuntamientodeharia.com\/haria\/wp-json\/wp\/v2\/posts"}],"about":[{"href":"https:\/\/www.ayuntamientodeharia.com\/haria\/wp-json\/wp\/v2\/types\/post"}],"author":[{"embeddable":true,"href":"https:\/\/www.ayuntamientodeharia.com\/haria\/wp-json\/wp\/v2\/users\/7"}],"replies":[{"embeddable":true,"href":"https:\/\/www.ayuntamientodeharia.com\/haria\/wp-json\/wp\/v2\/comments?post=16357"}],"version-history":[{"count":1,"href":"https:\/\/www.ayuntamientodeharia.com\/haria\/wp-json\/wp\/v2\/posts\/16357\/revisions"}],"predecessor-version":[{"id":16359,"href":"https:\/\/www.ayuntamientodeharia.com\/haria\/wp-json\/wp\/v2\/posts\/16357\/revisions\/16359"}],"wp:featuredmedia":[{"embeddable":true,"href":"https:\/\/www.ayuntamientodeharia.com\/haria\/wp-json\/wp\/v2\/media\/16358"}],"wp:attachment":[{"href":"https:\/\/www.ayuntamientodeharia.com\/haria\/wp-json\/wp\/v2\/media?parent=16357"}],"wp:term":[{"taxonomy":"category","embeddable":true,"href":"https:\/\/www.ayuntamientodeharia.com\/haria\/wp-json\/wp\/v2\/categories?post=16357"},{"taxonomy":"post_tag","embeddable":true,"href":"https:\/\/www.ayuntamientodeharia.com\/haria\/wp-json\/wp\/v2\/tags?post=16357"}],"curies":[{"name":"wp","href":"https:\/\/api.w.org\/{rel}","templated":true}]}}