{"id":16355,"date":"2019-07-12T11:50:13","date_gmt":"2019-07-12T11:50:13","guid":{"rendered":"https:\/\/www.ayuntamientodeharia.com\/haria\/?p=16355"},"modified":"2019-07-12T11:50:13","modified_gmt":"2019-07-12T11:50:13","slug":"campeonato-de-skate-la-garita-2019","status":"publish","type":"post","link":"https:\/\/www.ayuntamientodeharia.com\/haria\/campeonato-de-skate-la-garita-2019\/","title":{"rendered":"Campeonato de Skate \u2018La Garita 2019\u2019"},"content":{"rendered":"<p>El s\u00e1bado 20 de julio, la playa de La Garita de Arrieta acoger\u00e1 el Campeonato de Skate \u2018La Garita 2019\u2019, organizado por el Ayuntamiento de Har\u00eda, el Extreme Center y la Skuela Skate Har\u00eda.<\/p>\n<p><!--more--><\/p>\n<p>&nbsp;<\/p>\n<p>Las inscripciones se realizar\u00e1n el 20 de julio, a las 14:00 horas, en la zona de skate de la playa de La Garita. Las categor\u00edas en las que se podr\u00e1 competir son infantil, sub 12, femenina, sub 16 y open.<\/p>\n<p>&nbsp;<\/p>\n<p>Esta actividad, incluida en la campa\u00f1a de verano \u2018Har\u00eda Joven\u2019, forma parte del proyecto \u2018Akistamos\u2019, organizado por la Concejal\u00eda de Juventud, coordinada Soraya Brito, en colaboraci\u00f3n con la Concejal\u00eda de Bienestar Social que dirige Chaxiraxi Niz, y financiada por el Gobierno de Canarias.<\/p>\n<p>&nbsp;<\/p>\n<p>Los j\u00f3venes interesados en recibir m\u00e1s informaci\u00f3n sobre la actividad pueden llamar al 928 835 009 (ext.6), enviar un correo a <a href=\"mailto:juventud@ayuntamientodeharia.com\">juventud@ayuntamientodeharia.com<\/a> o consultar la web <a href=\"http:\/\/www.juventudharia.es\">www.juventudharia.es<\/a>.<\/p>\n","protected":false},"excerpt":{"rendered":"<p>El s\u00e1bado 20 de julio, la playa de La Garita de Arrieta acoger\u00e1 el Campeonato de Skate \u2018La Garita 2019\u2019, organizado por el Ayuntamiento de Har\u00eda, el Extreme Center y la Skuela Skate Har\u00eda.<\/p>\n","protected":false},"author":7,"featured_media":10100,"comment_status":"closed","ping_status":"closed","sticky":false,"template":"","format":"standard","meta":{"footnotes":""},"categories":[11,25,81],"tags":[],"class_list":["post-16355","post","type-post","status-publish","format-standard","has-post-thumbnail","hentry","category-hoja-de-haria","category-juventud","category-municipio"],"_links":{"self":[{"href":"https:\/\/www.ayuntamientodeharia.com\/haria\/wp-json\/wp\/v2\/posts\/16355","targetHints":{"allow":["GET"]}}],"collection":[{"href":"https:\/\/www.ayuntamientodeharia.com\/haria\/wp-json\/wp\/v2\/posts"}],"about":[{"href":"https:\/\/www.ayuntamientodeharia.com\/haria\/wp-json\/wp\/v2\/types\/post"}],"author":[{"embeddable":true,"href":"https:\/\/www.ayuntamientodeharia.com\/haria\/wp-json\/wp\/v2\/users\/7"}],"replies":[{"embeddable":true,"href":"https:\/\/www.ayuntamientodeharia.com\/haria\/wp-json\/wp\/v2\/comments?post=16355"}],"version-history":[{"count":1,"href":"https:\/\/www.ayuntamientodeharia.com\/haria\/wp-json\/wp\/v2\/posts\/16355\/revisions"}],"predecessor-version":[{"id":16356,"href":"https:\/\/www.ayuntamientodeharia.com\/haria\/wp-json\/wp\/v2\/posts\/16355\/revisions\/16356"}],"wp:featuredmedia":[{"embeddable":true,"href":"https:\/\/www.ayuntamientodeharia.com\/haria\/wp-json\/wp\/v2\/media\/10100"}],"wp:attachment":[{"href":"https:\/\/www.ayuntamientodeharia.com\/haria\/wp-json\/wp\/v2\/media?parent=16355"}],"wp:term":[{"taxonomy":"category","embeddable":true,"href":"https:\/\/www.ayuntamientodeharia.com\/haria\/wp-json\/wp\/v2\/categories?post=16355"},{"taxonomy":"post_tag","embeddable":true,"href":"https:\/\/www.ayuntamientodeharia.com\/haria\/wp-json\/wp\/v2\/tags?post=16355"}],"curies":[{"name":"wp","href":"https:\/\/api.w.org\/{rel}","templated":true}]}}